{"id":6805,"date":"2026-01-15T16:46:26","date_gmt":"2026-01-15T19:46:26","guid":{"rendered":"https:\/\/cultura.sma.gob.ar\/?p=6805"},"modified":"2026-01-15T16:46:26","modified_gmt":"2026-01-15T19:46:26","slug":"1-noche-de-las-artes-2026-programa-completo","status":"publish","type":"post","link":"https:\/\/cultura.sma.gob.ar\/?p=6805","title":{"rendered":"1\u00b0 Noche de las Artes 2026: programa completo"},"content":{"rendered":"\n<p>Este domingo 18, desde las 18 hs, la avenida San Mart\u00edn se vuelve peatonal para disfrutar del arte local en esta primera edici\u00f3n de la Noche de las Artes 2026. Hasta la 00.30 am habr\u00e1 m\u00e1s de 190 expositores y 70 espect\u00e1culos para disfrutar en familia. Conoc\u00e9 el programa completo de propuestas de este gran evento.<\/p>\n\n\n\n<figure class=\"wp-block-gallery has-nested-images columns-default is-cropped wp-block-gallery-1 is-layout-flex wp-block-gallery-is-layout-flex\">\n<figure class=\"wp-block-image size-large\"><img loading=\"lazy\" decoding=\"async\" width=\"819\" height=\"1024\" data-id=\"6806\" src=\"https:\/\/cultura.sma.gob.ar\/wp-content\/uploads\/2026\/01\/SMA-GE0031-Noche-de-las-Artes-2026-Enero-PROGRAMA-RRSS-05-819x1024.jpg\" alt=\"\" class=\"wp-image-6806\" srcset=\"https:\/\/cultura.sma.gob.ar\/wp-content\/uploads\/2026\/01\/SMA-GE0031-Noche-de-las-Artes-2026-Enero-PROGRAMA-RRSS-05-819x1024.jpg 819w, https:\/\/cultura.sma.gob.ar\/wp-content\/uploads\/2026\/01\/SMA-GE0031-Noche-de-las-Artes-2026-Enero-PROGRAMA-RRSS-05-240x300.jpg 240w, https:\/\/cultura.sma.gob.ar\/wp-content\/uploads\/2026\/01\/SMA-GE0031-Noche-de-las-Artes-2026-Enero-PROGRAMA-RRSS-05-768x960.jpg 768w, https:\/\/cultura.sma.gob.ar\/wp-content\/uploads\/2026\/01\/SMA-GE0031-Noche-de-las-Artes-2026-Enero-PROGRAMA-RRSS-05-1229x1536.jpg 1229w, https:\/\/cultura.sma.gob.ar\/wp-content\/uploads\/2026\/01\/SMA-GE0031-Noche-de-las-Artes-2026-Enero-PROGRAMA-RRSS-05-1638x2048.jpg 1638w, https:\/\/cultura.sma.gob.ar\/wp-content\/uploads\/2026\/01\/SMA-GE0031-Noche-de-las-Artes-2026-Enero-PROGRAMA-RRSS-05-72x90.jpg 72w, https:\/\/cultura.sma.gob.ar\/wp-content\/uploads\/2026\/01\/SMA-GE0031-Noche-de-las-Artes-2026-Enero-PROGRAMA-RRSS-05-scaled.jpg 2048w\" sizes=\"auto, (max-width: 819px) 100vw, 819px\" \/><\/figure>\n\n\n\n<figure class=\"wp-block-image size-large\"><img loading=\"lazy\" decoding=\"async\" width=\"819\" height=\"1024\" data-id=\"6809\" src=\"https:\/\/cultura.sma.gob.ar\/wp-content\/uploads\/2026\/01\/SMA-GE0031-Noche-de-las-Artes-2026-Enero-PROGRAMA-RRSS-06-819x1024.jpg\" alt=\"\" class=\"wp-image-6809\" srcset=\"https:\/\/cultura.sma.gob.ar\/wp-content\/uploads\/2026\/01\/SMA-GE0031-Noche-de-las-Artes-2026-Enero-PROGRAMA-RRSS-06-819x1024.jpg 819w, https:\/\/cultura.sma.gob.ar\/wp-content\/uploads\/2026\/01\/SMA-GE0031-Noche-de-las-Artes-2026-Enero-PROGRAMA-RRSS-06-240x300.jpg 240w, https:\/\/cultura.sma.gob.ar\/wp-content\/uploads\/2026\/01\/SMA-GE0031-Noche-de-las-Artes-2026-Enero-PROGRAMA-RRSS-06-768x960.jpg 768w, https:\/\/cultura.sma.gob.ar\/wp-content\/uploads\/2026\/01\/SMA-GE0031-Noche-de-las-Artes-2026-Enero-PROGRAMA-RRSS-06-1229x1536.jpg 1229w, https:\/\/cultura.sma.gob.ar\/wp-content\/uploads\/2026\/01\/SMA-GE0031-Noche-de-las-Artes-2026-Enero-PROGRAMA-RRSS-06-1639x2048.jpg 1639w, https:\/\/cultura.sma.gob.ar\/wp-content\/uploads\/2026\/01\/SMA-GE0031-Noche-de-las-Artes-2026-Enero-PROGRAMA-RRSS-06-72x90.jpg 72w, https:\/\/cultura.sma.gob.ar\/wp-content\/uploads\/2026\/01\/SMA-GE0031-Noche-de-las-Artes-2026-Enero-PROGRAMA-RRSS-06-scaled.jpg 2048w\" sizes=\"auto, (max-width: 819px) 100vw, 819px\" \/><\/figure>\n\n\n\n<figure class=\"wp-block-image size-large\"><img loading=\"lazy\" decoding=\"async\" width=\"819\" height=\"1024\" data-id=\"6807\" src=\"https:\/\/cultura.sma.gob.ar\/wp-content\/uploads\/2026\/01\/SMA-GE0031-Noche-de-las-Artes-2026-Enero-PROGRAMA-RRSS-07-819x1024.jpg\" alt=\"\" class=\"wp-image-6807\" srcset=\"https:\/\/cultura.sma.gob.ar\/wp-content\/uploads\/2026\/01\/SMA-GE0031-Noche-de-las-Artes-2026-Enero-PROGRAMA-RRSS-07-819x1024.jpg 819w, https:\/\/cultura.sma.gob.ar\/wp-content\/uploads\/2026\/01\/SMA-GE0031-Noche-de-las-Artes-2026-Enero-PROGRAMA-RRSS-07-240x300.jpg 240w, https:\/\/cultura.sma.gob.ar\/wp-content\/uploads\/2026\/01\/SMA-GE0031-Noche-de-las-Artes-2026-Enero-PROGRAMA-RRSS-07-768x960.jpg 768w, https:\/\/cultura.sma.gob.ar\/wp-content\/uploads\/2026\/01\/SMA-GE0031-Noche-de-las-Artes-2026-Enero-PROGRAMA-RRSS-07-1229x1536.jpg 1229w, https:\/\/cultura.sma.gob.ar\/wp-content\/uploads\/2026\/01\/SMA-GE0031-Noche-de-las-Artes-2026-Enero-PROGRAMA-RRSS-07-1639x2048.jpg 1639w, https:\/\/cultura.sma.gob.ar\/wp-content\/uploads\/2026\/01\/SMA-GE0031-Noche-de-las-Artes-2026-Enero-PROGRAMA-RRSS-07-72x90.jpg 72w, https:\/\/cultura.sma.gob.ar\/wp-content\/uploads\/2026\/01\/SMA-GE0031-Noche-de-las-Artes-2026-Enero-PROGRAMA-RRSS-07-scaled.jpg 2048w\" sizes=\"auto, (max-width: 819px) 100vw, 819px\" \/><\/figure>\n\n\n\n<figure class=\"wp-block-image size-large\"><img loading=\"lazy\" decoding=\"async\" width=\"819\" height=\"1024\" data-id=\"6810\" src=\"https:\/\/cultura.sma.gob.ar\/wp-content\/uploads\/2026\/01\/SMA-GE0031-Noche-de-las-Artes-2026-Enero-PROGRAMA-RRSS-03-819x1024.jpg\" alt=\"\" class=\"wp-image-6810\" srcset=\"https:\/\/cultura.sma.gob.ar\/wp-content\/uploads\/2026\/01\/SMA-GE0031-Noche-de-las-Artes-2026-Enero-PROGRAMA-RRSS-03-819x1024.jpg 819w, https:\/\/cultura.sma.gob.ar\/wp-content\/uploads\/2026\/01\/SMA-GE0031-Noche-de-las-Artes-2026-Enero-PROGRAMA-RRSS-03-240x300.jpg 240w, https:\/\/cultura.sma.gob.ar\/wp-content\/uploads\/2026\/01\/SMA-GE0031-Noche-de-las-Artes-2026-Enero-PROGRAMA-RRSS-03-768x960.jpg 768w, https:\/\/cultura.sma.gob.ar\/wp-content\/uploads\/2026\/01\/SMA-GE0031-Noche-de-las-Artes-2026-Enero-PROGRAMA-RRSS-03-1229x1536.jpg 1229w, https:\/\/cultura.sma.gob.ar\/wp-content\/uploads\/2026\/01\/SMA-GE0031-Noche-de-las-Artes-2026-Enero-PROGRAMA-RRSS-03-1639x2048.jpg 1639w, https:\/\/cultura.sma.gob.ar\/wp-content\/uploads\/2026\/01\/SMA-GE0031-Noche-de-las-Artes-2026-Enero-PROGRAMA-RRSS-03-72x90.jpg 72w, https:\/\/cultura.sma.gob.ar\/wp-content\/uploads\/2026\/01\/SMA-GE0031-Noche-de-las-Artes-2026-Enero-PROGRAMA-RRSS-03-scaled.jpg 2048w\" sizes=\"auto, (max-width: 819px) 100vw, 819px\" \/><\/figure>\n\n\n\n<figure class=\"wp-block-image size-large\"><img loading=\"lazy\" decoding=\"async\" width=\"819\" height=\"1024\" data-id=\"6811\" src=\"https:\/\/cultura.sma.gob.ar\/wp-content\/uploads\/2026\/01\/SMA-GE0031-Noche-de-las-Artes-2026-Enero-PROGRAMA-RRSS-02-819x1024.jpg\" alt=\"\" class=\"wp-image-6811\" srcset=\"https:\/\/cultura.sma.gob.ar\/wp-content\/uploads\/2026\/01\/SMA-GE0031-Noche-de-las-Artes-2026-Enero-PROGRAMA-RRSS-02-819x1024.jpg 819w, https:\/\/cultura.sma.gob.ar\/wp-content\/uploads\/2026\/01\/SMA-GE0031-Noche-de-las-Artes-2026-Enero-PROGRAMA-RRSS-02-240x300.jpg 240w, https:\/\/cultura.sma.gob.ar\/wp-content\/uploads\/2026\/01\/SMA-GE0031-Noche-de-las-Artes-2026-Enero-PROGRAMA-RRSS-02-768x960.jpg 768w, https:\/\/cultura.sma.gob.ar\/wp-content\/uploads\/2026\/01\/SMA-GE0031-Noche-de-las-Artes-2026-Enero-PROGRAMA-RRSS-02-1229x1536.jpg 1229w, https:\/\/cultura.sma.gob.ar\/wp-content\/uploads\/2026\/01\/SMA-GE0031-Noche-de-las-Artes-2026-Enero-PROGRAMA-RRSS-02-1639x2048.jpg 1639w, https:\/\/cultura.sma.gob.ar\/wp-content\/uploads\/2026\/01\/SMA-GE0031-Noche-de-las-Artes-2026-Enero-PROGRAMA-RRSS-02-72x90.jpg 72w, https:\/\/cultura.sma.gob.ar\/wp-content\/uploads\/2026\/01\/SMA-GE0031-Noche-de-las-Artes-2026-Enero-PROGRAMA-RRSS-02-scaled.jpg 2048w\" sizes=\"auto, (max-width: 819px) 100vw, 819px\" \/><\/figure>\n\n\n\n<figure class=\"wp-block-image size-large\"><img loading=\"lazy\" decoding=\"async\" width=\"819\" height=\"1024\" data-id=\"6808\" src=\"https:\/\/cultura.sma.gob.ar\/wp-content\/uploads\/2026\/01\/SMA-GE0031-Noche-de-las-Artes-2026-Enero-PROGRAMA-RRSS-04-819x1024.jpg\" alt=\"\" class=\"wp-image-6808\" srcset=\"https:\/\/cultura.sma.gob.ar\/wp-content\/uploads\/2026\/01\/SMA-GE0031-Noche-de-las-Artes-2026-Enero-PROGRAMA-RRSS-04-819x1024.jpg 819w, https:\/\/cultura.sma.gob.ar\/wp-content\/uploads\/2026\/01\/SMA-GE0031-Noche-de-las-Artes-2026-Enero-PROGRAMA-RRSS-04-240x300.jpg 240w, https:\/\/cultura.sma.gob.ar\/wp-content\/uploads\/2026\/01\/SMA-GE0031-Noche-de-las-Artes-2026-Enero-PROGRAMA-RRSS-04-768x960.jpg 768w, https:\/\/cultura.sma.gob.ar\/wp-content\/uploads\/2026\/01\/SMA-GE0031-Noche-de-las-Artes-2026-Enero-PROGRAMA-RRSS-04-1229x1536.jpg 1229w, https:\/\/cultura.sma.gob.ar\/wp-content\/uploads\/2026\/01\/SMA-GE0031-Noche-de-las-Artes-2026-Enero-PROGRAMA-RRSS-04-1639x2048.jpg 1639w, https:\/\/cultura.sma.gob.ar\/wp-content\/uploads\/2026\/01\/SMA-GE0031-Noche-de-las-Artes-2026-Enero-PROGRAMA-RRSS-04-72x90.jpg 72w, https:\/\/cultura.sma.gob.ar\/wp-content\/uploads\/2026\/01\/SMA-GE0031-Noche-de-las-Artes-2026-Enero-PROGRAMA-RRSS-04-scaled.jpg 2048w\" sizes=\"auto, (max-width: 819px) 100vw, 819px\" \/><\/figure>\n<\/figure>\n\n\n\n<p>A partir de las 8 de la ma\u00f1ana del domingo 18 de enero, el personal municipal comenzar\u00e1 con los cortes de calles y\u00a0 preparativos\u00a0para que la Avenida San Mart\u00edn se llene de magia y arte\u00a0desde las 18.00 de ese mismo d\u00eda. Se solicita la colaboraci\u00f3n de los vecinos para poder liberar y despejar de autos la Avenida desde la calle Sarmiento hasta Rivadavia evitando en lo posible el estacionamiento de veh\u00edculos a fin de facilitar la demarcaci\u00f3n de espacios de expositores y artistas esc\u00e9nicos. Por otro lado, durante el desarrollo del evento pedimos que NO ESTACIONEN\u00a0en las bocacalles se\u00f1aladas con vallas dado que funcionan como salida de emergencia\u00bb, explicaron desde la Secretar\u00eda de Cultura.<\/p>\n","protected":false},"excerpt":{"rendered":"<p>Este domingo 18, desde las 18 hs, la avenida San Mart\u00edn se vuelve peatonal para disfrutar del arte local en esta primera edici\u00f3n de la Noche de las Artes 2026. Hasta la 00.30 am habr\u00e1 m\u00e1s de 190 expositores y 70 espect\u00e1culos para disfrutar en familia. Conoc\u00e9 el programa completo de propuestas de este gran evento. A partir de las 8 de la ma\u00f1ana del &hellip; <a href=\"https:\/\/cultura.sma.gob.ar\/?p=6805\" class=\"more-link\">Continue reading <span class=\"screen-reader-text\">1\u00b0 Noche de las Artes 2026: programa completo<\/span><\/a><\/p>\n","protected":false},"author":3,"featured_media":0,"comment_status":"closed","ping_status":"","sticky":false,"template":"","format":"image","meta":{"footnotes":""},"categories":[3,9],"tags":[],"class_list":["post-6805","post","type-post","status-publish","format-image","hentry","category-eventos-cultura","category-ultimas-noticias","post_format-post-format-image"],"_links":{"self":[{"href":"https:\/\/cultura.sma.gob.ar\/index.php?rest_route=\/wp\/v2\/posts\/6805","targetHints":{"allow":["GET"]}}],"collection":[{"href":"https:\/\/cultura.sma.gob.ar\/index.php?rest_route=\/wp\/v2\/posts"}],"about":[{"href":"https:\/\/cultura.sma.gob.ar\/index.php?rest_route=\/wp\/v2\/types\/post"}],"author":[{"embeddable":true,"href":"https:\/\/cultura.sma.gob.ar\/index.php?rest_route=\/wp\/v2\/users\/3"}],"replies":[{"embeddable":true,"href":"https:\/\/cultura.sma.gob.ar\/index.php?rest_route=%2Fwp%2Fv2%2Fcomments&post=6805"}],"version-history":[{"count":1,"href":"https:\/\/cultura.sma.gob.ar\/index.php?rest_route=\/wp\/v2\/posts\/6805\/revisions"}],"predecessor-version":[{"id":6812,"href":"https:\/\/cultura.sma.gob.ar\/index.php?rest_route=\/wp\/v2\/posts\/6805\/revisions\/6812"}],"wp:attachment":[{"href":"https:\/\/cultura.sma.gob.ar\/index.php?rest_route=%2Fwp%2Fv2%2Fmedia&parent=6805"}],"wp:term":[{"taxonomy":"category","embeddable":true,"href":"https:\/\/cultura.sma.gob.ar\/index.php?rest_route=%2Fwp%2Fv2%2Fcategories&post=6805"},{"taxonomy":"post_tag","embeddable":true,"href":"https:\/\/cultura.sma.gob.ar\/index.php?rest_route=%2Fwp%2Fv2%2Ftags&post=6805"}],"curies":[{"name":"wp","href":"https:\/\/api.w.org\/{rel}","templated":true}]}}