{"id":680,"date":"2020-11-06T22:53:38","date_gmt":"2020-11-07T01:53:38","guid":{"rendered":"http:\/\/cultura.sma.gob.ar\/?p=680"},"modified":"2020-11-06T22:53:38","modified_gmt":"2020-11-07T01:53:38","slug":"editorial-cordillera-rebelde-14-feria-regional-del-libro","status":"publish","type":"post","link":"https:\/\/cultura.sma.gob.ar\/?p=680","title":{"rendered":"Editorial Cordillera Rebelde &#8211; 14\u00b0 Feria regional del Libro"},"content":{"rendered":"\n<figure class=\"wp-block-image size-large\"><img loading=\"lazy\" decoding=\"async\" width=\"785\" height=\"783\" src=\"http:\/\/cultura.sma.gob.ar\/wp-content\/uploads\/2020\/11\/editorial.png\" alt=\"\" class=\"wp-image-681\" srcset=\"https:\/\/cultura.sma.gob.ar\/wp-content\/uploads\/2020\/11\/editorial.png 785w, https:\/\/cultura.sma.gob.ar\/wp-content\/uploads\/2020\/11\/editorial-300x300.png 300w, https:\/\/cultura.sma.gob.ar\/wp-content\/uploads\/2020\/11\/editorial-150x150.png 150w, https:\/\/cultura.sma.gob.ar\/wp-content\/uploads\/2020\/11\/editorial-768x766.png 768w, https:\/\/cultura.sma.gob.ar\/wp-content\/uploads\/2020\/11\/editorial-90x90.png 90w\" sizes=\"auto, (max-width: 785px) 100vw, 785px\" \/><\/figure>\n\n\n\n<p><strong>Editorial Comunitaria Cordillera Rebelde<\/strong><\/p>\n\n\n\n<p>Presentaci\u00f3n de la editorial<\/p>\n\n\n\n<ul class=\"wp-block-list\"><li>Jueves 12- 18:30 hs &#8211; en Morphen<\/li><\/ul>\n\n\n\n<p><strong>Reserv\u00e1 tu lugar en el restaurante<\/strong><\/p>\n\n\n\n<p>Maiten Ca\u00f1icul, Tomas Costa y Arias Micaela presentar\u00e1n la Editorial Comunitaria Cordillera Rebelde. hablar\u00e1n sobre la g\u00e9nesis de la editorial, su forma de trabajo y lo que est\u00e1n haciendo actualmente.<\/p>\n","protected":false},"excerpt":{"rendered":"<p>Actividad presencial <a href=\"https:\/\/cultura.sma.gob.ar\/?p=680\" class=\"more-link\">Continue reading <span class=\"screen-reader-text\">Editorial Cordillera Rebelde &#8211; 14\u00b0 Feria regional del Libro<\/span><\/a><\/p>\n","protected":false},"author":1,"featured_media":296,"comment_status":"closed","ping_status":"","sticky":false,"template":"","format":"image","meta":{"footnotes":""},"categories":[3],"tags":[],"class_list":["post-680","post","type-post","status-publish","format-image","has-post-thumbnail","hentry","category-eventos-cultura","post_format-post-format-image"],"_links":{"self":[{"href":"https:\/\/cultura.sma.gob.ar\/index.php?rest_route=\/wp\/v2\/posts\/680","targetHints":{"allow":["GET"]}}],"collection":[{"href":"https:\/\/cultura.sma.gob.ar\/index.php?rest_route=\/wp\/v2\/posts"}],"about":[{"href":"https:\/\/cultura.sma.gob.ar\/index.php?rest_route=\/wp\/v2\/types\/post"}],"author":[{"embeddable":true,"href":"https:\/\/cultura.sma.gob.ar\/index.php?rest_route=\/wp\/v2\/users\/1"}],"replies":[{"embeddable":true,"href":"https:\/\/cultura.sma.gob.ar\/index.php?rest_route=%2Fwp%2Fv2%2Fcomments&post=680"}],"version-history":[{"count":1,"href":"https:\/\/cultura.sma.gob.ar\/index.php?rest_route=\/wp\/v2\/posts\/680\/revisions"}],"predecessor-version":[{"id":682,"href":"https:\/\/cultura.sma.gob.ar\/index.php?rest_route=\/wp\/v2\/posts\/680\/revisions\/682"}],"wp:featuredmedia":[{"embeddable":true,"href":"https:\/\/cultura.sma.gob.ar\/index.php?rest_route=\/wp\/v2\/media\/296"}],"wp:attachment":[{"href":"https:\/\/cultura.sma.gob.ar\/index.php?rest_route=%2Fwp%2Fv2%2Fmedia&parent=680"}],"wp:term":[{"taxonomy":"category","embeddable":true,"href":"https:\/\/cultura.sma.gob.ar\/index.php?rest_route=%2Fwp%2Fv2%2Fcategories&post=680"},{"taxonomy":"post_tag","embeddable":true,"href":"https:\/\/cultura.sma.gob.ar\/index.php?rest_route=%2Fwp%2Fv2%2Ftags&post=680"}],"curies":[{"name":"wp","href":"https:\/\/api.w.org\/{rel}","templated":true}]}}