{"id":6796,"date":"2026-01-13T08:30:29","date_gmt":"2026-01-13T11:30:29","guid":{"rendered":"https:\/\/cultura.sma.gob.ar\/?p=6796"},"modified":"2026-01-19T21:30:24","modified_gmt":"2026-01-20T00:30:24","slug":"convocatoria-2026-del-fondo-municipal-de-las-artes-elena-lapuente","status":"publish","type":"post","link":"https:\/\/cultura.sma.gob.ar\/?p=6796","title":{"rendered":"CONVOCATORIA 2026 DEL FONDO MUNICIPAL DE LAS ARTES \u201cELENA LAPUENTE\u201d"},"content":{"rendered":"\n<p>La Secretar\u00eda de Cultura informa la apertura de una nueva convocatoria para la presentaci\u00f3n de proyectos que soliciten subsidios destinados a cubrir parcialmente los costos de producci\u00f3n de eventos culturales a desarrollarse en la localidad entre el 1 de mayo y el 30 de noviembre de 2026.<\/p>\n\n\n\n<p>En esta oportunidad se seleccionar\u00e1n hasta <strong>cuatro (4)<\/strong> eventos culturales a los que se les otorgar\u00e1 un subsidio de hasta <strong>$3.000.000<\/strong> cada uno.<\/p>\n\n\n\n<p>Pueden postularse organizaciones civiles con personer\u00eda jur\u00eddica vigente y agrupaciones sin personer\u00eda jur\u00eddica que cumplan con los requisitos establecidos en las bases y condiciones.<\/p>\n\n\n\n<p>La fecha l\u00edmite para enviar las postulaciones es el <strong>28 de febrero de 2026<\/strong>.<\/p>\n\n\n\n<p>Conoc\u00e9 las bases y condiciones <a href=\"https:\/\/drive.google.com\/file\/d\/17iflzu40Qqjxs9YNag7gn8aVW90_rwDp\/view?usp=sharing\">haciendo click ac\u00e1<\/a><\/p>\n\n\n\n<p>INGRESA AL <a href=\"https:\/\/forms.gle\/H4X97GqJiiMKvb8Z6\">FORMULARIO PARA INSCRIBIRTE<\/a> y postul\u00e1 tu propuesta.<\/p>\n\n\n\n<p>El Fondo Municipal de las Artes \u201cElena Lapuente\u201d es una pol\u00edtica cultural de San Mart\u00edn de los Andes destinada a estimular, proteger e impulsar la creaci\u00f3n y producci\u00f3n art\u00edstica de hacedores culturales de la ciudad; facilitando el acceso al arte a todos los miembros de la comunidad y propiciando la formaci\u00f3n de p\u00fablico, la diversidad cultural y el turismo cultural.<\/p>\n\n\n\n<p>Para consultas pod\u00e9s escribirnos por mail a fondomunicipaldelasartes.sma@gmail.com<\/p>\n","protected":false},"excerpt":{"rendered":"<p>La Secretar\u00eda de Cultura informa la apertura de una nueva convocatoria para la presentaci\u00f3n de proyectos que soliciten subsidios destinados a cubrir parcialmente los costos de producci\u00f3n de eventos culturales a desarrollarse en la localidad entre el 1 de mayo y el 30 de noviembre de 2026. En esta oportunidad se seleccionar\u00e1n hasta cuatro (4) eventos culturales a los que se les otorgar\u00e1 un subsidio &hellip; <a href=\"https:\/\/cultura.sma.gob.ar\/?p=6796\" class=\"more-link\">Continue reading <span class=\"screen-reader-text\">CONVOCATORIA 2026 DEL FONDO MUNICIPAL DE LAS ARTES \u201cELENA LAPUENTE\u201d<\/span><\/a><\/p>\n","protected":false},"author":3,"featured_media":293,"comment_status":"closed","ping_status":"","sticky":false,"template":"","format":"image","meta":{"footnotes":""},"categories":[9],"tags":[],"class_list":["post-6796","post","type-post","status-publish","format-image","has-post-thumbnail","hentry","category-ultimas-noticias","post_format-post-format-image"],"_links":{"self":[{"href":"https:\/\/cultura.sma.gob.ar\/index.php?rest_route=\/wp\/v2\/posts\/6796","targetHints":{"allow":["GET"]}}],"collection":[{"href":"https:\/\/cultura.sma.gob.ar\/index.php?rest_route=\/wp\/v2\/posts"}],"about":[{"href":"https:\/\/cultura.sma.gob.ar\/index.php?rest_route=\/wp\/v2\/types\/post"}],"author":[{"embeddable":true,"href":"https:\/\/cultura.sma.gob.ar\/index.php?rest_route=\/wp\/v2\/users\/3"}],"replies":[{"embeddable":true,"href":"https:\/\/cultura.sma.gob.ar\/index.php?rest_route=%2Fwp%2Fv2%2Fcomments&post=6796"}],"version-history":[{"count":3,"href":"https:\/\/cultura.sma.gob.ar\/index.php?rest_route=\/wp\/v2\/posts\/6796\/revisions"}],"predecessor-version":[{"id":6824,"href":"https:\/\/cultura.sma.gob.ar\/index.php?rest_route=\/wp\/v2\/posts\/6796\/revisions\/6824"}],"wp:featuredmedia":[{"embeddable":true,"href":"https:\/\/cultura.sma.gob.ar\/index.php?rest_route=\/wp\/v2\/media\/293"}],"wp:attachment":[{"href":"https:\/\/cultura.sma.gob.ar\/index.php?rest_route=%2Fwp%2Fv2%2Fmedia&parent=6796"}],"wp:term":[{"taxonomy":"category","embeddable":true,"href":"https:\/\/cultura.sma.gob.ar\/index.php?rest_route=%2Fwp%2Fv2%2Fcategories&post=6796"},{"taxonomy":"post_tag","embeddable":true,"href":"https:\/\/cultura.sma.gob.ar\/index.php?rest_route=%2Fwp%2Fv2%2Ftags&post=6796"}],"curies":[{"name":"wp","href":"https:\/\/api.w.org\/{rel}","templated":true}]}}