{"id":6768,"date":"2025-12-03T12:40:52","date_gmt":"2025-12-03T15:40:52","guid":{"rendered":"https:\/\/cultura.sma.gob.ar\/?p=6768"},"modified":"2025-12-03T12:40:52","modified_gmt":"2025-12-03T15:40:52","slug":"evento-de-inauguracion-y-expo-en-la-biblioteca-la-cascada","status":"publish","type":"post","link":"https:\/\/cultura.sma.gob.ar\/?p=6768","title":{"rendered":"Evento de inauguraci\u00f3n y expo en la biblioteca La Cascada"},"content":{"rendered":"\n<p>El pr\u00f3ximo s\u00e1bado 13 de diciembre, de 18hs a 20hs, la Biblioteca Popular La Cascada invita a toda la comunidad a pasar una tarde de arte y diversi\u00f3n. Con el prop\u00f3sito de inaugurar una importante remodelaci\u00f3n que se ha hecho en el espacio y para compartir con los vecinos y vecinas el trabajo que durante todo el a\u00f1o han producido los diferentes talleres que funcionan all\u00ed, se organiz\u00f3 este evento cultural y comunitario.<\/p>\n\n\n<div class=\"wp-block-image\">\n<figure class=\"aligncenter size-large\"><img decoding=\"async\" src=\"https:\/\/realidadsm.com\/wp-content\/uploads\/2025\/12\/WhatsApp-Image-2025-12-02-at-2.01.40-PM-560x700.jpeg\" alt=\"\" class=\"wp-image-303002\"\/><\/figure><\/div>\n\n\n<p>&#8220;Nos encontramos para darle la bienvenida a nuestra biblioteca renovada y compartir una tarde de arte y expo que dar\u00e1 cuenta de todo un a\u00f1o de trabajo en nuestros talleres. Deseamos que puedan venir a disfrutar de la cultura que aqu\u00ed dentro generamos entre todos\/as y a inaugurar estos cambios que hacen que la biblio sea cada vez m\u00e1s un espacio para toda la comunidad&#8221;, expresaron desde la organizaci\u00f3n.<\/p>\n\n\n\n<figure class=\"wp-block-gallery has-nested-images columns-default is-cropped wp-block-gallery-1 is-layout-flex wp-block-gallery-is-layout-flex\">\n<figure class=\"wp-block-image size-large\"><img loading=\"lazy\" decoding=\"async\" width=\"768\" height=\"1024\" data-id=\"6769\" src=\"https:\/\/cultura.sma.gob.ar\/wp-content\/uploads\/2025\/12\/WhatsApp-Image-2025-12-02-at-2.03.16-PM-1-768x1024.jpeg\" alt=\"\" class=\"wp-image-6769\" srcset=\"https:\/\/cultura.sma.gob.ar\/wp-content\/uploads\/2025\/12\/WhatsApp-Image-2025-12-02-at-2.03.16-PM-1-768x1024.jpeg 768w, https:\/\/cultura.sma.gob.ar\/wp-content\/uploads\/2025\/12\/WhatsApp-Image-2025-12-02-at-2.03.16-PM-1-225x300.jpeg 225w, https:\/\/cultura.sma.gob.ar\/wp-content\/uploads\/2025\/12\/WhatsApp-Image-2025-12-02-at-2.03.16-PM-1-1152x1536.jpeg 1152w, https:\/\/cultura.sma.gob.ar\/wp-content\/uploads\/2025\/12\/WhatsApp-Image-2025-12-02-at-2.03.16-PM-1-68x90.jpeg 68w, https:\/\/cultura.sma.gob.ar\/wp-content\/uploads\/2025\/12\/WhatsApp-Image-2025-12-02-at-2.03.16-PM-1.jpeg 1200w\" sizes=\"auto, (max-width: 768px) 100vw, 768px\" \/><\/figure>\n\n\n\n<figure class=\"wp-block-image size-large\"><img loading=\"lazy\" decoding=\"async\" width=\"768\" height=\"1024\" data-id=\"6770\" src=\"https:\/\/cultura.sma.gob.ar\/wp-content\/uploads\/2025\/12\/WhatsApp-Image-2025-12-02-at-2.03.17-PM-1-768x1024.jpeg\" alt=\"\" class=\"wp-image-6770\" srcset=\"https:\/\/cultura.sma.gob.ar\/wp-content\/uploads\/2025\/12\/WhatsApp-Image-2025-12-02-at-2.03.17-PM-1-768x1024.jpeg 768w, https:\/\/cultura.sma.gob.ar\/wp-content\/uploads\/2025\/12\/WhatsApp-Image-2025-12-02-at-2.03.17-PM-1-225x300.jpeg 225w, https:\/\/cultura.sma.gob.ar\/wp-content\/uploads\/2025\/12\/WhatsApp-Image-2025-12-02-at-2.03.17-PM-1-1152x1536.jpeg 1152w, https:\/\/cultura.sma.gob.ar\/wp-content\/uploads\/2025\/12\/WhatsApp-Image-2025-12-02-at-2.03.17-PM-1-68x90.jpeg 68w, https:\/\/cultura.sma.gob.ar\/wp-content\/uploads\/2025\/12\/WhatsApp-Image-2025-12-02-at-2.03.17-PM-1.jpeg 1200w\" sizes=\"auto, (max-width: 768px) 100vw, 768px\" \/><\/figure>\n<\/figure>\n\n\n\n<p>Adem\u00e1s de presentar a la comunidad las remodelaciones que se realizaron dentro de la biblioteca durante el mes de noviembre, gracias a un subsidio recibido de la Provincia del Neuqu\u00e9n, se estar\u00e1n exponiendo los trabajos realizados en todos los talleres culturales que funcionan en este espacio, junto con actividades y m\u00fasica en vivo.<\/p>\n\n\n\n<p><strong>Exponen talleres de:<\/strong><\/p>\n\n\n\n<ul class=\"wp-block-list\">\n<li>Clics en la monta\u00f1a &#8211; fotograf\u00eda<\/li>\n\n\n\n<li>Querida escritura &#8211; escritura creativa<\/li>\n\n\n\n<li>Peque\u00f1@s grandes artistas &#8211; literario para infancias<\/li>\n\n\n\n<li>Taller de arte para infancias<\/li>\n\n\n\n<li>Taller de ajedrez<\/li>\n\n\n\n<li>Contarse sin filtros &#8211; storytelling<\/li>\n\n\n\n<li>Taller de grabado<\/li>\n<\/ul>\n","protected":false},"excerpt":{"rendered":"<p>El pr\u00f3ximo s\u00e1bado 13 de diciembre, de 18hs a 20hs, la Biblioteca Popular La Cascada invita a toda la comunidad a pasar una tarde de arte y diversi\u00f3n. Con el prop\u00f3sito de inaugurar una importante remodelaci\u00f3n que se ha hecho en el espacio y para compartir con los vecinos y vecinas el trabajo que durante todo el a\u00f1o han producido los diferentes talleres que funcionan &hellip; <a href=\"https:\/\/cultura.sma.gob.ar\/?p=6768\" class=\"more-link\">Continue reading <span class=\"screen-reader-text\">Evento de inauguraci\u00f3n y expo en la biblioteca La Cascada<\/span><\/a><\/p>\n","protected":false},"author":3,"featured_media":297,"comment_status":"closed","ping_status":"","sticky":false,"template":"","format":"image","meta":{"footnotes":""},"categories":[2,9],"tags":[],"class_list":["post-6768","post","type-post","status-publish","format-image","has-post-thumbnail","hentry","category-ciudad-cultural","category-ultimas-noticias","post_format-post-format-image"],"_links":{"self":[{"href":"https:\/\/cultura.sma.gob.ar\/index.php?rest_route=\/wp\/v2\/posts\/6768","targetHints":{"allow":["GET"]}}],"collection":[{"href":"https:\/\/cultura.sma.gob.ar\/index.php?rest_route=\/wp\/v2\/posts"}],"about":[{"href":"https:\/\/cultura.sma.gob.ar\/index.php?rest_route=\/wp\/v2\/types\/post"}],"author":[{"embeddable":true,"href":"https:\/\/cultura.sma.gob.ar\/index.php?rest_route=\/wp\/v2\/users\/3"}],"replies":[{"embeddable":true,"href":"https:\/\/cultura.sma.gob.ar\/index.php?rest_route=%2Fwp%2Fv2%2Fcomments&post=6768"}],"version-history":[{"count":1,"href":"https:\/\/cultura.sma.gob.ar\/index.php?rest_route=\/wp\/v2\/posts\/6768\/revisions"}],"predecessor-version":[{"id":6771,"href":"https:\/\/cultura.sma.gob.ar\/index.php?rest_route=\/wp\/v2\/posts\/6768\/revisions\/6771"}],"wp:featuredmedia":[{"embeddable":true,"href":"https:\/\/cultura.sma.gob.ar\/index.php?rest_route=\/wp\/v2\/media\/297"}],"wp:attachment":[{"href":"https:\/\/cultura.sma.gob.ar\/index.php?rest_route=%2Fwp%2Fv2%2Fmedia&parent=6768"}],"wp:term":[{"taxonomy":"category","embeddable":true,"href":"https:\/\/cultura.sma.gob.ar\/index.php?rest_route=%2Fwp%2Fv2%2Fcategories&post=6768"},{"taxonomy":"post_tag","embeddable":true,"href":"https:\/\/cultura.sma.gob.ar\/index.php?rest_route=%2Fwp%2Fv2%2Ftags&post=6768"}],"curies":[{"name":"wp","href":"https:\/\/api.w.org\/{rel}","templated":true}]}}