{"id":6762,"date":"2025-11-20T08:40:09","date_gmt":"2025-11-20T11:40:09","guid":{"rendered":"https:\/\/cultura.sma.gob.ar\/?p=6762"},"modified":"2025-11-20T08:40:09","modified_gmt":"2025-11-20T11:40:09","slug":"el-viaje-de-la-estrella-llega-a-san-martin-de-los-andes","status":"publish","type":"post","link":"https:\/\/cultura.sma.gob.ar\/?p=6762","title":{"rendered":"EL VIAJE DE LA ESTRELLA llega a SAN MART\u00cdN DE LOS ANDES"},"content":{"rendered":"\n<p>\u2b50\ufe0f EL VIAJE DE LA ESTRELLA llega a SAN MART\u00cdN DE LOS ANDES!!! \u2b50\ufe0f<\/p>\n\n\n\n<p>El viaje m\u00e1s TransFormador que puedes vivir en una sala de teatro est\u00e1 de vuelta!\u2028<br>Vive esta profunda experiencia de meditaci\u00f3n, sanaci\u00f3n y exploraci\u00f3n del Ser donde invocamos el despertar de los 5 elementos y sus atributos: Agua, Fuego, Aire, Tierra y \u00c9ter.\u2028\u2028Si ya viviste EL VIAJE DE LA KUNDALINI&nbsp;@elviajedelakundalini, vas a volver a emocionarte con la segunda obra de VibrA.\u2028<br>Ven\u00ed a viajar por tu Kosmos interior y renov\u00e1 tu energ\u00eda con la medicina de la Madre Tierra, los aromas, la energ\u00eda canalizada, el sonido, hermosas visuales proyectadas y m\u00e1s!<\/p>\n\n\n\n<figure class=\"wp-block-image size-large\"><img loading=\"lazy\" decoding=\"async\" width=\"819\" height=\"1024\" src=\"https:\/\/cultura.sma.gob.ar\/wp-content\/uploads\/2025\/11\/WhatsApp-Image-2025-11-20-at-8.22.51-AM-819x1024.jpeg\" alt=\"\" class=\"wp-image-6763\" srcset=\"https:\/\/cultura.sma.gob.ar\/wp-content\/uploads\/2025\/11\/WhatsApp-Image-2025-11-20-at-8.22.51-AM-819x1024.jpeg 819w, https:\/\/cultura.sma.gob.ar\/wp-content\/uploads\/2025\/11\/WhatsApp-Image-2025-11-20-at-8.22.51-AM-240x300.jpeg 240w, https:\/\/cultura.sma.gob.ar\/wp-content\/uploads\/2025\/11\/WhatsApp-Image-2025-11-20-at-8.22.51-AM-768x960.jpeg 768w, https:\/\/cultura.sma.gob.ar\/wp-content\/uploads\/2025\/11\/WhatsApp-Image-2025-11-20-at-8.22.51-AM-1229x1536.jpeg 1229w, https:\/\/cultura.sma.gob.ar\/wp-content\/uploads\/2025\/11\/WhatsApp-Image-2025-11-20-at-8.22.51-AM-72x90.jpeg 72w, https:\/\/cultura.sma.gob.ar\/wp-content\/uploads\/2025\/11\/WhatsApp-Image-2025-11-20-at-8.22.51-AM.jpeg 1280w\" sizes=\"auto, (max-width: 819px) 100vw, 819px\" \/><\/figure>\n\n\n\n<p>\ud83d\uddd3 Sala TRAMA &#8211; 23 de Noviembre &#8211; 20 hs.<br>\ud83d\udccdGeneral Roca 320, San Mart\u00edn de Los Andes, Pcia. de Neuqu\u00e9n.<br>\u2028\u2696 Pod\u00e9s comprar tu ticket en boleteria o a trav\u00e9s de\ud83d\udc47<\/p>\n\n\n\n<p><a href=\"https:\/\/www.entradaweb.com.ar\/evento\/ab63cca8\/step\/1?fbclid=PARlRTSANlAR5leHRuA2FlbQIxMQABpx0F5c4kqCDaR4twbdke166Rx2YKj7CJSC38BzmtCJvPTpoOWrNIkhYudKF0_aem_oBAa3VCGpAu53GTjlQBcJQ\">https:\/\/www.entradaweb.com.ar\/evento\/ab63cca8\/step\/1?fbclid=PARlRTSANlAR5leHRuA2FlbQIxMQABpx0F5c4kqCDaR4twbdke166Rx2YKj7CJSC38BzmtCJvPTpoOWrNIkhYudKF0_aem_oBAa3VCGpAu53GTjlQBcJQ<\/a><\/p>\n","protected":false},"excerpt":{"rendered":"<p>\u2b50\ufe0f EL VIAJE DE LA ESTRELLA llega a SAN MART\u00cdN DE LOS ANDES!!! \u2b50\ufe0f El viaje m\u00e1s TransFormador que puedes vivir en una sala de teatro est\u00e1 de vuelta!\u2028Vive esta profunda experiencia de meditaci\u00f3n, sanaci\u00f3n y exploraci\u00f3n del Ser donde invocamos el despertar de los 5 elementos y sus atributos: Agua, Fuego, Aire, Tierra y \u00c9ter.\u2028\u2028Si ya viviste EL VIAJE DE LA KUNDALINI&nbsp;@elviajedelakundalini, vas a &hellip; <a href=\"https:\/\/cultura.sma.gob.ar\/?p=6762\" class=\"more-link\">Continue reading <span class=\"screen-reader-text\">EL VIAJE DE LA ESTRELLA llega a SAN MART\u00cdN DE LOS ANDES<\/span><\/a><\/p>\n","protected":false},"author":3,"featured_media":297,"comment_status":"closed","ping_status":"","sticky":false,"template":"","format":"image","meta":{"footnotes":""},"categories":[2,9],"tags":[],"class_list":["post-6762","post","type-post","status-publish","format-image","has-post-thumbnail","hentry","category-ciudad-cultural","category-ultimas-noticias","post_format-post-format-image"],"_links":{"self":[{"href":"https:\/\/cultura.sma.gob.ar\/index.php?rest_route=\/wp\/v2\/posts\/6762","targetHints":{"allow":["GET"]}}],"collection":[{"href":"https:\/\/cultura.sma.gob.ar\/index.php?rest_route=\/wp\/v2\/posts"}],"about":[{"href":"https:\/\/cultura.sma.gob.ar\/index.php?rest_route=\/wp\/v2\/types\/post"}],"author":[{"embeddable":true,"href":"https:\/\/cultura.sma.gob.ar\/index.php?rest_route=\/wp\/v2\/users\/3"}],"replies":[{"embeddable":true,"href":"https:\/\/cultura.sma.gob.ar\/index.php?rest_route=%2Fwp%2Fv2%2Fcomments&post=6762"}],"version-history":[{"count":1,"href":"https:\/\/cultura.sma.gob.ar\/index.php?rest_route=\/wp\/v2\/posts\/6762\/revisions"}],"predecessor-version":[{"id":6764,"href":"https:\/\/cultura.sma.gob.ar\/index.php?rest_route=\/wp\/v2\/posts\/6762\/revisions\/6764"}],"wp:featuredmedia":[{"embeddable":true,"href":"https:\/\/cultura.sma.gob.ar\/index.php?rest_route=\/wp\/v2\/media\/297"}],"wp:attachment":[{"href":"https:\/\/cultura.sma.gob.ar\/index.php?rest_route=%2Fwp%2Fv2%2Fmedia&parent=6762"}],"wp:term":[{"taxonomy":"category","embeddable":true,"href":"https:\/\/cultura.sma.gob.ar\/index.php?rest_route=%2Fwp%2Fv2%2Fcategories&post=6762"},{"taxonomy":"post_tag","embeddable":true,"href":"https:\/\/cultura.sma.gob.ar\/index.php?rest_route=%2Fwp%2Fv2%2Ftags&post=6762"}],"curies":[{"name":"wp","href":"https:\/\/api.w.org\/{rel}","templated":true}]}}