{"id":676,"date":"2020-11-06T22:48:03","date_gmt":"2020-11-07T01:48:03","guid":{"rendered":"http:\/\/cultura.sma.gob.ar\/?p=676"},"modified":"2020-11-06T22:48:03","modified_gmt":"2020-11-07T01:48:03","slug":"liliana-musso-14-feria-regional-del-libro","status":"publish","type":"post","link":"https:\/\/cultura.sma.gob.ar\/?p=676","title":{"rendered":"Liliana Musso &#8211; 14\u00b0 Feria Regional del Libro"},"content":{"rendered":"\n<figure class=\"wp-block-image size-large\"><img loading=\"lazy\" decoding=\"async\" width=\"773\" height=\"773\" src=\"http:\/\/cultura.sma.gob.ar\/wp-content\/uploads\/2020\/11\/musso.png\" alt=\"\" class=\"wp-image-677\" srcset=\"https:\/\/cultura.sma.gob.ar\/wp-content\/uploads\/2020\/11\/musso.png 773w, https:\/\/cultura.sma.gob.ar\/wp-content\/uploads\/2020\/11\/musso-300x300.png 300w, https:\/\/cultura.sma.gob.ar\/wp-content\/uploads\/2020\/11\/musso-150x150.png 150w, https:\/\/cultura.sma.gob.ar\/wp-content\/uploads\/2020\/11\/musso-768x768.png 768w, https:\/\/cultura.sma.gob.ar\/wp-content\/uploads\/2020\/11\/musso-90x90.png 90w\" sizes=\"auto, (max-width: 773px) 100vw, 773px\" \/><\/figure>\n\n\n\n<p><strong>Liliana Beatriz Musso&nbsp;<\/strong><\/p>\n\n\n\n<p>Presenta el libro <strong>\u201cEl guardi\u00e1n y otros cuentos\u201d<\/strong><\/p>\n\n\n\n<ul class=\"wp-block-list\"><li>Jueves 12- 18:00 hs &#8211; en Dubl\u00edn<\/li><\/ul>\n\n\n\n<p><strong>Reserv\u00e1 tu lugar en el restaurante<\/strong><\/p>\n\n\n\n<p>Desde que descubri\u00f3 la lectura \u2014y con ella el mundo ficcional de la literatura\u2014, Liliana Musso no ha dejado de leer y, como todo gran lector, alguna vez so\u00f1\u00f3 con ser escritora. En el 2012 recibi\u00f3 una menci\u00f3n por su cuento \u00abHistoria de los Algos\u00bb en el IV concurso literario de CEM. Con una activa participaci\u00f3n en la Biblioteca Popular 9 de Julio, desde hace seis a\u00f1os, desempe\u00f1a el cargo de secretaria de la comisi\u00f3n directiva y, desde hace siete, coordina el Club de lectura, actividad declarada de inter\u00e9s municipal por el Consejo Deliberante.&nbsp;<\/p>\n\n\n\n<p>\u201cEl guardi\u00e1n y otros cuentos\u201d es su primer libro,  editado por La Palestra Ediciones.<\/p>\n","protected":false},"excerpt":{"rendered":"<p>Actividad presencial <a href=\"https:\/\/cultura.sma.gob.ar\/?p=676\" class=\"more-link\">Continue reading <span class=\"screen-reader-text\">Liliana Musso &#8211; 14\u00b0 Feria Regional del Libro<\/span><\/a><\/p>\n","protected":false},"author":1,"featured_media":296,"comment_status":"closed","ping_status":"","sticky":false,"template":"","format":"image","meta":{"footnotes":""},"categories":[3,9],"tags":[],"class_list":["post-676","post","type-post","status-publish","format-image","has-post-thumbnail","hentry","category-eventos-cultura","category-ultimas-noticias","post_format-post-format-image"],"_links":{"self":[{"href":"https:\/\/cultura.sma.gob.ar\/index.php?rest_route=\/wp\/v2\/posts\/676","targetHints":{"allow":["GET"]}}],"collection":[{"href":"https:\/\/cultura.sma.gob.ar\/index.php?rest_route=\/wp\/v2\/posts"}],"about":[{"href":"https:\/\/cultura.sma.gob.ar\/index.php?rest_route=\/wp\/v2\/types\/post"}],"author":[{"embeddable":true,"href":"https:\/\/cultura.sma.gob.ar\/index.php?rest_route=\/wp\/v2\/users\/1"}],"replies":[{"embeddable":true,"href":"https:\/\/cultura.sma.gob.ar\/index.php?rest_route=%2Fwp%2Fv2%2Fcomments&post=676"}],"version-history":[{"count":1,"href":"https:\/\/cultura.sma.gob.ar\/index.php?rest_route=\/wp\/v2\/posts\/676\/revisions"}],"predecessor-version":[{"id":678,"href":"https:\/\/cultura.sma.gob.ar\/index.php?rest_route=\/wp\/v2\/posts\/676\/revisions\/678"}],"wp:featuredmedia":[{"embeddable":true,"href":"https:\/\/cultura.sma.gob.ar\/index.php?rest_route=\/wp\/v2\/media\/296"}],"wp:attachment":[{"href":"https:\/\/cultura.sma.gob.ar\/index.php?rest_route=%2Fwp%2Fv2%2Fmedia&parent=676"}],"wp:term":[{"taxonomy":"category","embeddable":true,"href":"https:\/\/cultura.sma.gob.ar\/index.php?rest_route=%2Fwp%2Fv2%2Fcategories&post=676"},{"taxonomy":"post_tag","embeddable":true,"href":"https:\/\/cultura.sma.gob.ar\/index.php?rest_route=%2Fwp%2Fv2%2Ftags&post=676"}],"curies":[{"name":"wp","href":"https:\/\/api.w.org\/{rel}","templated":true}]}}