{"id":6755,"date":"2025-11-13T09:14:20","date_gmt":"2025-11-13T12:14:20","guid":{"rendered":"https:\/\/cultura.sma.gob.ar\/?p=6755"},"modified":"2025-11-13T09:14:20","modified_gmt":"2025-11-13T12:14:20","slug":"proximos-encuentros-con-artistas-en-la-sala-chapitel","status":"publish","type":"post","link":"https:\/\/cultura.sma.gob.ar\/?p=6755","title":{"rendered":"Pr\u00f3ximos Encuentros con Artistas en la Sala Chapitel"},"content":{"rendered":"\n<p><strong>CONVERSATORIO Yanina Cid y Margarita Solli &#8211; Lunes 17 de noviembre de 2025, 18 h<\/strong><br>En el marco de la exposici\u00f3n\u00a0 DOS EN TR\u00c1NSITO<\/p>\n\n\n\n<p>Entrada abierta y gratuita<\/p>\n\n\n\n<p>Un encuentro con las artistas y el p\u00fablico para conocer sus\u00a0trayectorias y reflexiones sobre sus pr\u00e1cticas art\u00edsticas<br><\/p>\n\n\n\n<p><strong>TALLER DE MONOCOPIA. A cargo de Paula Beltr\u00e1n &#8211; Martes 18 de noviembre de 2025, 18 h<\/strong><br>En el marco de la exposici\u00f3n LUMBRE.<\/p>\n\n\n\n<p><strong>Entrada abierta y gratuita\u00a0con previa inscripci\u00f3n a trav\u00e9s de\u00a0\u00a0<a href=\"mailto:sala.municipal.chapitel@gmail.com\" target=\"_blank\" rel=\"noreferrer noopener\">sala.municipal.chapitel@gmail.com<\/a><\/strong><\/p>\n\n\n\n<p>Taller experimental de grabado, de car\u00e1cter pr\u00e1ctico y participativo. Se abordar\u00e1n, de manera l\u00fadica, las t\u00e9cnicas utilizadas en la obra \u2014como la creaci\u00f3n de texturas, el uso de tintas gr\u00e1ficas y materiales reutilizables, y el funcionamiento de la prensa de grabado\u2014, con el prop\u00f3sito de que las y los participantes puedan vivenciar el proceso detr\u00e1s del mural\/collage y explorar sus propias producciones.&nbsp;&nbsp;<\/p>\n\n\n\n<p><strong>CONVERSATORIO Nicol\u00e1s &#8211; Coletto y Magdalena Forestier &#8211; Mi\u00e9rcoles 19 de noviembre de 2025, 17 h<\/strong><br>En el marco de la exposici\u00f3n TIEMPOS DE HOLTER.<\/p>\n\n\n\n<p> Entrada abierta y gratuita. <\/p>\n\n\n\n<p>El encuentro propone un recorrido participativo y reflexivo con el p\u00fablico a trav\u00e9s de las producciones de los artistas\u00a0como punto de partida hacia conclusiones en com\u00fan sobre la experiencia art\u00edstica.<\/p>\n\n\n\n<p><strong>CONVERSATORIO &#8211; Paula Beltr\u00e1n\u00a0&#8211; Mi\u00e9rcoles 26 de noviembre de 2025, 18 h<\/strong><\/p>\n\n\n\n<p>Charla abierta sobre el proceso creativo del proyecto Lumbre, en la cual compartir\u00e9 el recorrido de varios a\u00f1os de trabajo a trav\u00e9s de registros fotogr\u00e1ficos y audiovisuales. El objetivo es ofrecer una mirada sobre las decisiones formales, est\u00e9ticas e ideol\u00f3gicas que dieron forma a la obra&nbsp;&nbsp;<\/p>\n","protected":false},"excerpt":{"rendered":"<p>CONVERSATORIO Yanina Cid y Margarita Solli &#8211; Lunes 17 de noviembre de 2025, 18 hEn el marco de la exposici\u00f3n\u00a0 DOS EN TR\u00c1NSITO Entrada abierta y gratuita Un encuentro con las artistas y el p\u00fablico para conocer sus\u00a0trayectorias y reflexiones sobre sus pr\u00e1cticas art\u00edsticas TALLER DE MONOCOPIA. A cargo de Paula Beltr\u00e1n &#8211; Martes 18 de noviembre de 2025, 18 hEn el marco de la &hellip; <a href=\"https:\/\/cultura.sma.gob.ar\/?p=6755\" class=\"more-link\">Continue reading <span class=\"screen-reader-text\">Pr\u00f3ximos Encuentros con Artistas en la Sala Chapitel<\/span><\/a><\/p>\n","protected":false},"author":3,"featured_media":295,"comment_status":"closed","ping_status":"","sticky":false,"template":"","format":"image","meta":{"footnotes":""},"categories":[6,9],"tags":[],"class_list":["post-6755","post","type-post","status-publish","format-image","has-post-thumbnail","hentry","category-sala-lidaura-chapitel","category-ultimas-noticias","post_format-post-format-image"],"_links":{"self":[{"href":"https:\/\/cultura.sma.gob.ar\/index.php?rest_route=\/wp\/v2\/posts\/6755","targetHints":{"allow":["GET"]}}],"collection":[{"href":"https:\/\/cultura.sma.gob.ar\/index.php?rest_route=\/wp\/v2\/posts"}],"about":[{"href":"https:\/\/cultura.sma.gob.ar\/index.php?rest_route=\/wp\/v2\/types\/post"}],"author":[{"embeddable":true,"href":"https:\/\/cultura.sma.gob.ar\/index.php?rest_route=\/wp\/v2\/users\/3"}],"replies":[{"embeddable":true,"href":"https:\/\/cultura.sma.gob.ar\/index.php?rest_route=%2Fwp%2Fv2%2Fcomments&post=6755"}],"version-history":[{"count":1,"href":"https:\/\/cultura.sma.gob.ar\/index.php?rest_route=\/wp\/v2\/posts\/6755\/revisions"}],"predecessor-version":[{"id":6756,"href":"https:\/\/cultura.sma.gob.ar\/index.php?rest_route=\/wp\/v2\/posts\/6755\/revisions\/6756"}],"wp:featuredmedia":[{"embeddable":true,"href":"https:\/\/cultura.sma.gob.ar\/index.php?rest_route=\/wp\/v2\/media\/295"}],"wp:attachment":[{"href":"https:\/\/cultura.sma.gob.ar\/index.php?rest_route=%2Fwp%2Fv2%2Fmedia&parent=6755"}],"wp:term":[{"taxonomy":"category","embeddable":true,"href":"https:\/\/cultura.sma.gob.ar\/index.php?rest_route=%2Fwp%2Fv2%2Fcategories&post=6755"},{"taxonomy":"post_tag","embeddable":true,"href":"https:\/\/cultura.sma.gob.ar\/index.php?rest_route=%2Fwp%2Fv2%2Ftags&post=6755"}],"curies":[{"name":"wp","href":"https:\/\/api.w.org\/{rel}","templated":true}]}}