{"id":6738,"date":"2025-11-07T11:31:04","date_gmt":"2025-11-07T14:31:04","guid":{"rendered":"https:\/\/cultura.sma.gob.ar\/?p=6738"},"modified":"2025-11-07T11:31:04","modified_gmt":"2025-11-07T14:31:04","slug":"el-monumento-al-general-san-martin-75-anos-de-su-emplazamiento","status":"publish","type":"post","link":"https:\/\/cultura.sma.gob.ar\/?p=6738","title":{"rendered":"El MONUMENTO Al GENERAL SAN MART\u00cdN: 75 A\u00d1OS DE SU EMPLAZAMIENTO"},"content":{"rendered":"\n<p><em>Texto por Tomas Iglesias, Dpto. de Patrimonio Hist\u00f3rico y Ciencias<\/em><\/p>\n\n\n\n<p>La estatua ecuestre lleg\u00f3 a la localidad en 1950, para conmemorar los 100 a\u00f1os del fallecimiento del pr\u00f3cer, Don Jos\u00e9 de San Mart\u00edn. El \u201cA\u00f1o del Libertador\u201d convoc\u00f3 a homenajes y celebraciones en todo el pa\u00eds; podemos apreciar en el centro de la plaza las diversas placas y homenajes que recuerdan este suceso hist\u00f3rico.&nbsp;<\/p>\n\n\n\n<p><strong>\u00bfC\u00f3mo era San Mart\u00edn de los Andes en 1950?<\/strong><\/p>\n\n\n\n<ul class=\"wp-block-list\">\n<li>La localidad cumpl\u00eda 52 a\u00f1os, y durante el aniversario del pueblo empapelaron las calles con afiches del Gral. San Mart\u00edn \u201cA\u00f1o del Libertador\u201d.<\/li>\n\n\n\n<li>El Parque Nacional Lan\u00edn ten\u00eda 13 a\u00f1os y su intendencia frente a la Plaza San Mart\u00edn marcaba tendencia hacia 4 a\u00f1os.<\/li>\n\n\n\n<li>Neuqu\u00e9n era un Territorio Nacional; no exist\u00eda la Municipalidad ni la figura del intendente constitucional.\u00a0 Depend\u00eda de la Comisi\u00f3n de Fomento, que funcionaba en el actual Museo Municipal Primeros Pobladores.\u00a0<\/li>\n<\/ul>\n\n\n\n<p>La idea del monumento ecuestre se proyect\u00f3 en 1948, cuando la ciudad cumpl\u00eda 50 a\u00f1os desde su fundaci\u00f3n. Por ese entonces, sobre la plaza San Mart\u00edn se emplazaba un Busto al Gral. San Mart\u00edn, inaugurado en 1934 y reubicado en el ingreso de la Escuela N\u00ba5 desde la colocaci\u00f3n del monumento que hoy recordamos.<\/p>\n\n\n\n<p>La solicitud del monumento ecuestre fue realizada al Parque Nacional Lanin, esa es la raz\u00f3n de que el monumento fuera inaugurado el 6 de Noviembre, D\u00eda de los Parques Nacionales. Impulsaba el proyecto inconcluso de un centro c\u00edvico similar al de Bariloche, centralizando las instituciones de poder alrededor de la Plaza San Mart\u00edn. La gesti\u00f3n de la estatua fue cumplida por Enrique Amadeo Artayeta, encargado del Museo de la Patagonia en Bariloche y Jefe de la Divisi\u00f3n Museos de la entonces Administraci\u00f3n General de Parques Nacionales y Turismo. Se detalla su rol como interventor t\u00e9cnico en la base de la escultura.<\/p>\n\n\n\n<figure class=\"wp-block-gallery has-nested-images columns-default is-cropped wp-block-gallery-1 is-layout-flex wp-block-gallery-is-layout-flex\">\n<figure class=\"wp-block-image size-large\"><img loading=\"lazy\" decoding=\"async\" width=\"1024\" height=\"684\" data-id=\"6747\" src=\"https:\/\/cultura.sma.gob.ar\/wp-content\/uploads\/2025\/11\/01.-Intervencion-Tecnica-de-Artayeta.-Fotografia-de-Leo-Guevara-1024x684.jpg\" alt=\"\" class=\"wp-image-6747\" srcset=\"https:\/\/cultura.sma.gob.ar\/wp-content\/uploads\/2025\/11\/01.-Intervencion-Tecnica-de-Artayeta.-Fotografia-de-Leo-Guevara-1024x684.jpg 1024w, https:\/\/cultura.sma.gob.ar\/wp-content\/uploads\/2025\/11\/01.-Intervencion-Tecnica-de-Artayeta.-Fotografia-de-Leo-Guevara-300x200.jpg 300w, https:\/\/cultura.sma.gob.ar\/wp-content\/uploads\/2025\/11\/01.-Intervencion-Tecnica-de-Artayeta.-Fotografia-de-Leo-Guevara-768x513.jpg 768w, https:\/\/cultura.sma.gob.ar\/wp-content\/uploads\/2025\/11\/01.-Intervencion-Tecnica-de-Artayeta.-Fotografia-de-Leo-Guevara-1536x1025.jpg 1536w, https:\/\/cultura.sma.gob.ar\/wp-content\/uploads\/2025\/11\/01.-Intervencion-Tecnica-de-Artayeta.-Fotografia-de-Leo-Guevara-2048x1367.jpg 2048w, https:\/\/cultura.sma.gob.ar\/wp-content\/uploads\/2025\/11\/01.-Intervencion-Tecnica-de-Artayeta.-Fotografia-de-Leo-Guevara-135x90.jpg 135w\" sizes=\"auto, (max-width: 1024px) 100vw, 1024px\" \/><figcaption class=\"wp-element-caption\">Intervenci\u00f3n t\u00e9cnica de Artayeta. Fotograf\u00eda de Leonardo Guevara<\/figcaption><\/figure>\n\n\n\n<figure class=\"wp-block-image size-large\"><img loading=\"lazy\" decoding=\"async\" width=\"1024\" height=\"701\" data-id=\"6746\" src=\"https:\/\/cultura.sma.gob.ar\/wp-content\/uploads\/2025\/11\/02.-Registro-fotografico-de-su-colocacion.-DPHYC-1024x701.jpg\" alt=\"\" class=\"wp-image-6746\" srcset=\"https:\/\/cultura.sma.gob.ar\/wp-content\/uploads\/2025\/11\/02.-Registro-fotografico-de-su-colocacion.-DPHYC-1024x701.jpg 1024w, https:\/\/cultura.sma.gob.ar\/wp-content\/uploads\/2025\/11\/02.-Registro-fotografico-de-su-colocacion.-DPHYC-300x205.jpg 300w, https:\/\/cultura.sma.gob.ar\/wp-content\/uploads\/2025\/11\/02.-Registro-fotografico-de-su-colocacion.-DPHYC-768x526.jpg 768w, https:\/\/cultura.sma.gob.ar\/wp-content\/uploads\/2025\/11\/02.-Registro-fotografico-de-su-colocacion.-DPHYC-131x90.jpg 131w, https:\/\/cultura.sma.gob.ar\/wp-content\/uploads\/2025\/11\/02.-Registro-fotografico-de-su-colocacion.-DPHYC.jpg 1228w\" sizes=\"auto, (max-width: 1024px) 100vw, 1024px\" \/><figcaption class=\"wp-element-caption\">Registro fotogr\u00e1fico de su colocaci\u00f3n. DPHYC<\/figcaption><\/figure>\n<\/figure>\n\n\n\n<p>La escultura ya terminada fue separada en dos piezas y viaj\u00f3 en tren desde Buenos Aires hasta Zapala, arribando en camiones a la localidad. La ejecuci\u00f3n de la obra tuvo la curiosa inspecci\u00f3n del presidente Juan Domingo Per\u00f3n y su esposa Eva Duarte, que visitaron de forma no oficial el Parque Nacional Lan\u00edn y Nahuel Huapi, los primeros d\u00edas de abril de 1950.&nbsp;<\/p>\n\n\n\n<p><strong>UNA PLACA DESENTERRADA RECONSTRUYE LA HISTORIA<\/strong><\/p>\n\n\n\n<p>Los libros copiadores de la Comisi\u00f3n de Fomento nos revela que los festejos fueron organizados por la Sub-Comisi\u00f3n local de Homenajes al General San Mart\u00edn, representado por autoridades de instituciones y asociaciones locales. El 6 de Noviembre, \u201cD\u00eda de los Parques Nacionales\u201d, se inaugur\u00f3 el monumento ecuestre en una jornada declarada asueto por la Gobernaci\u00f3n del Territorio. Se realiz\u00f3 un vino de honor en el Hotel Lacar (Av. San Mart\u00edn, esquina Elordi), para homenajear a las autoridades presentes.&nbsp;<\/p>\n\n\n\n<p>Como dato peculiar, se inaugur\u00f3 una \u201cEstela Luminaria\u201d o estrella luminosa con su placa conmemorativa en el predio de la Usina Hidroel\u00e9ctrica, sobre una elevaci\u00f3n con vista panor\u00e1mica al casco hist\u00f3rico. Al no encontrarse un nombre para esa colina rocosa en las cartas topogr\u00e1ficas de la \u00e9poca, la Comisi\u00f3n de Fomento lo nombra \u201cCerro del Libertador\u201d en recuerdo al Padre de la Patria. Desde aquel momento, en dicho sitio se mantiene la costumbre de encender una estrella brillante en fechas navide\u00f1as. La placa fue reencontrada por un vecino hace unos a\u00f1os mientras realizaba movimientos de suelo y constatada a mediados del 2025 por personal del Dpto. de Patrimonio Hist\u00f3rico y EPEN, dando lugar a esta historia in\u00e9dita para los sanmartinenses.<\/p>\n\n\n<div class=\"wp-block-image\">\n<figure class=\"aligncenter size-large\"><img loading=\"lazy\" decoding=\"async\" width=\"1024\" height=\"461\" src=\"http:\/\/cultura.sma.gob.ar\/wp-content\/uploads\/2025\/11\/03.-Placa-conmemorativa-realizada-en-piedra-1024x461.jpeg\" alt=\"\" class=\"wp-image-6742\" srcset=\"https:\/\/cultura.sma.gob.ar\/wp-content\/uploads\/2025\/11\/03.-Placa-conmemorativa-realizada-en-piedra-1024x461.jpeg 1024w, https:\/\/cultura.sma.gob.ar\/wp-content\/uploads\/2025\/11\/03.-Placa-conmemorativa-realizada-en-piedra-300x135.jpeg 300w, https:\/\/cultura.sma.gob.ar\/wp-content\/uploads\/2025\/11\/03.-Placa-conmemorativa-realizada-en-piedra-768x346.jpeg 768w, https:\/\/cultura.sma.gob.ar\/wp-content\/uploads\/2025\/11\/03.-Placa-conmemorativa-realizada-en-piedra-1536x692.jpeg 1536w, https:\/\/cultura.sma.gob.ar\/wp-content\/uploads\/2025\/11\/03.-Placa-conmemorativa-realizada-en-piedra-200x90.jpeg 200w, https:\/\/cultura.sma.gob.ar\/wp-content\/uploads\/2025\/11\/03.-Placa-conmemorativa-realizada-en-piedra.jpeg 1600w\" sizes=\"auto, (max-width: 1024px) 100vw, 1024px\" \/><figcaption class=\"wp-element-caption\">Placa conmemorativa realizada en piedra: &#8220;EL PUEBLO DE SAN MART\u00cdN DE LOS ANDES. EN EL A\u00d1O DEL LIBERTADOR. 17 &#8211; 8 &#8211; 1950&#8221;. Gentileza: Sr. Gabriel Vazquez<\/figcaption><\/figure><\/div>\n\n\n<p><strong>DETALLES Y CURIOSIDADES: \u00bfPor qu\u00e9 no apunta hacia la Cordillera de los Andes?<\/strong><\/p>\n\n\n\n<p>La escultura muestra a un San Mart\u00edn montado un caballo criollo, en posici\u00f3n de avance y actitud serena. Un poncho cubre su uniforme militar, al estilo de los jinetes cuyanos y haciendo visible las inclemencias de las bajas temperaturas andinas. Su presencia no es glorificada en un pedestal de gran altura, si no que lo encontramos cerca del suelo y de los visitantes. Esta proximidad nos permite observar sus detalles, citados por los siguientes protagonistas:<\/p>\n\n\n\n<p><em>\u201cEl poncho es s\u00edmbolo de nuestra nacionalidad,<\/em> <em>tejido por manos de mujeres criollas<\/em>.<br><em>Su<\/em> <em>legendario Falucho <\/em>(su sombrero o&nbsp; gorro bicornio)<em>, con sus conocidas insignias, los cinco galones por un costado y la escarapela por el otro. Su catalejo en la mano derecha para acercar su vista al secreto que oculta la monta\u00f1a y su c\u00e9lebre sable corvo, colgado a su costado\u201d<\/em>.<br><strong>Enrique Amadeo Artayeta, direcci\u00f3n de la obra.<\/strong><\/p>\n\n\n\n<p><em>\u201cSe quer\u00eda presentar un San Mart\u00edn fuera de lo \u00e9pico, fuera de aquello que conocemos: esa imagen tan majestuosa con el caballo parado en las patas y \u00e9l desde ah\u00ed se\u00f1alando, como se supone, el Oeste, el camino de la Libertad con un dedo. (\u2026) Por otra parte se rompi\u00f3 aquello tan t\u00edpico de que se\u00f1ala hacia el Oeste. Ac\u00e1 si hubiera caminando hacia el Oeste estar\u00eda mirando hacia el encuentro de las calles Roca y Moreno\u201d.<\/em><br><strong>Carlos Lozada Acu\u00f1a, intendente del Parque Nacional Lan\u00edn durante 1950<\/strong><\/p>\n\n\n\n<p>En efecto, la escultura no mira hacia el oeste sino que avanza hacia la avenida San Mart\u00edn, ubicada al sur del monumento. Si se direcciona hacia la Cordillera hubiera apuntado hacia la esquina de Tte. General Roca y Mariano Moreno, sin un criterio sim\u00e9trico. Otra hip\u00f3tesis sugiere que su marcha hacia el sur contin\u00faa la proyecci\u00f3n de la calle Tte. Cnel P\u00e9rez, que fue interrumpida por la diagramaci\u00f3n de la plaza.<\/p>\n\n\n\n<figure class=\"wp-block-gallery has-nested-images columns-default is-cropped wp-block-gallery-2 is-layout-flex wp-block-gallery-is-layout-flex\">\n<figure class=\"wp-block-image size-large\"><img loading=\"lazy\" decoding=\"async\" width=\"924\" height=\"1024\" data-id=\"6744\" src=\"https:\/\/cultura.sma.gob.ar\/wp-content\/uploads\/2025\/11\/04.-Detalle-del-sable-corvo-por-Laura-Machin.-Taller-de-Croquiseros-Urbanos-924x1024.jpeg\" alt=\"\" class=\"wp-image-6744\" srcset=\"https:\/\/cultura.sma.gob.ar\/wp-content\/uploads\/2025\/11\/04.-Detalle-del-sable-corvo-por-Laura-Machin.-Taller-de-Croquiseros-Urbanos-924x1024.jpeg 924w, https:\/\/cultura.sma.gob.ar\/wp-content\/uploads\/2025\/11\/04.-Detalle-del-sable-corvo-por-Laura-Machin.-Taller-de-Croquiseros-Urbanos-271x300.jpeg 271w, https:\/\/cultura.sma.gob.ar\/wp-content\/uploads\/2025\/11\/04.-Detalle-del-sable-corvo-por-Laura-Machin.-Taller-de-Croquiseros-Urbanos-768x852.jpeg 768w, https:\/\/cultura.sma.gob.ar\/wp-content\/uploads\/2025\/11\/04.-Detalle-del-sable-corvo-por-Laura-Machin.-Taller-de-Croquiseros-Urbanos-1385x1536.jpeg 1385w, https:\/\/cultura.sma.gob.ar\/wp-content\/uploads\/2025\/11\/04.-Detalle-del-sable-corvo-por-Laura-Machin.-Taller-de-Croquiseros-Urbanos-81x90.jpeg 81w, https:\/\/cultura.sma.gob.ar\/wp-content\/uploads\/2025\/11\/04.-Detalle-del-sable-corvo-por-Laura-Machin.-Taller-de-Croquiseros-Urbanos.jpeg 1443w\" sizes=\"auto, (max-width: 924px) 100vw, 924px\" \/><figcaption class=\"wp-element-caption\">Detalle del sable corvo por Laura Machin. Taller de Croquiseros Urbanos<\/figcaption><\/figure>\n\n\n\n<figure class=\"wp-block-image size-large\"><img loading=\"lazy\" decoding=\"async\" width=\"731\" height=\"1024\" data-id=\"6741\" src=\"https:\/\/cultura.sma.gob.ar\/wp-content\/uploads\/2025\/11\/05.-San-Martin-y-el-catalejo-por-Nora-Bert.-Taller-de-Croquiseros-Urbanos-731x1024.jpeg\" alt=\"\" class=\"wp-image-6741\" srcset=\"https:\/\/cultura.sma.gob.ar\/wp-content\/uploads\/2025\/11\/05.-San-Martin-y-el-catalejo-por-Nora-Bert.-Taller-de-Croquiseros-Urbanos-731x1024.jpeg 731w, https:\/\/cultura.sma.gob.ar\/wp-content\/uploads\/2025\/11\/05.-San-Martin-y-el-catalejo-por-Nora-Bert.-Taller-de-Croquiseros-Urbanos-214x300.jpeg 214w, https:\/\/cultura.sma.gob.ar\/wp-content\/uploads\/2025\/11\/05.-San-Martin-y-el-catalejo-por-Nora-Bert.-Taller-de-Croquiseros-Urbanos-768x1076.jpeg 768w, https:\/\/cultura.sma.gob.ar\/wp-content\/uploads\/2025\/11\/05.-San-Martin-y-el-catalejo-por-Nora-Bert.-Taller-de-Croquiseros-Urbanos-1096x1536.jpeg 1096w, https:\/\/cultura.sma.gob.ar\/wp-content\/uploads\/2025\/11\/05.-San-Martin-y-el-catalejo-por-Nora-Bert.-Taller-de-Croquiseros-Urbanos-64x90.jpeg 64w, https:\/\/cultura.sma.gob.ar\/wp-content\/uploads\/2025\/11\/05.-San-Martin-y-el-catalejo-por-Nora-Bert.-Taller-de-Croquiseros-Urbanos.jpeg 1142w\" sizes=\"auto, (max-width: 731px) 100vw, 731px\" \/><figcaption class=\"wp-element-caption\">San Mart\u00edn y el catalejo por Nora Bert. Taller de Croquiseros Urbanos<\/figcaption><\/figure>\n<\/figure>\n\n\n\n<p><strong>\u00bfES REALMENTE \u00daNICO? Su autor y la copia en Mor\u00f3n, Bs. As.<\/strong><\/p>\n\n\n\n<p>El Monumento Ecuestre de San Mart\u00edn fue realizado por el escultor argentino <em>Santiago Jos\u00e9 de Chierico <\/em>(1891-1974). Podemos observar su firma en la base de la escultura y fue autor de otras esculturas del Gral. San Mart\u00edn, ubicadas en plazas de San Justo y Baradero, por Buenos Aires. El molde solicitado por Enrique Artayeta fue copiado para el partido de Mor\u00f3n, resultando en otra escultura gemela a la de San Mart\u00edn de los Andes. Originalmente, el proyecto del Monumento Ecuestre de San Mart\u00edn iba a contar con una copia id\u00e9ntica en el Parque Nacional Nahuel Huapi, pero s\u00f3lo se inaugur\u00f3 el de nuestra localidad y, de forma paralela, el de Mor\u00f3n, por ser la ciudad de trabajo del escultor.<\/p>\n\n\n\n<figure class=\"wp-block-gallery has-nested-images columns-default is-cropped wp-block-gallery-3 is-layout-flex wp-block-gallery-is-layout-flex\">\n<figure class=\"wp-block-image size-large\"><img loading=\"lazy\" decoding=\"async\" width=\"684\" height=\"1024\" data-id=\"6743\" src=\"https:\/\/cultura.sma.gob.ar\/wp-content\/uploads\/2025\/11\/07.-Llama-Votiva.-Fotografia-de-Leonardo-Guevara-684x1024.jpg\" alt=\"\" class=\"wp-image-6743\" srcset=\"https:\/\/cultura.sma.gob.ar\/wp-content\/uploads\/2025\/11\/07.-Llama-Votiva.-Fotografia-de-Leonardo-Guevara-684x1024.jpg 684w, https:\/\/cultura.sma.gob.ar\/wp-content\/uploads\/2025\/11\/07.-Llama-Votiva.-Fotografia-de-Leonardo-Guevara-200x300.jpg 200w, https:\/\/cultura.sma.gob.ar\/wp-content\/uploads\/2025\/11\/07.-Llama-Votiva.-Fotografia-de-Leonardo-Guevara-768x1150.jpg 768w, https:\/\/cultura.sma.gob.ar\/wp-content\/uploads\/2025\/11\/07.-Llama-Votiva.-Fotografia-de-Leonardo-Guevara-1025x1536.jpg 1025w, https:\/\/cultura.sma.gob.ar\/wp-content\/uploads\/2025\/11\/07.-Llama-Votiva.-Fotografia-de-Leonardo-Guevara-1367x2048.jpg 1367w, https:\/\/cultura.sma.gob.ar\/wp-content\/uploads\/2025\/11\/07.-Llama-Votiva.-Fotografia-de-Leonardo-Guevara-60x90.jpg 60w, https:\/\/cultura.sma.gob.ar\/wp-content\/uploads\/2025\/11\/07.-Llama-Votiva.-Fotografia-de-Leonardo-Guevara-scaled.jpg 1709w\" sizes=\"auto, (max-width: 684px) 100vw, 684px\" \/><figcaption class=\"wp-element-caption\">Maqueta realizada en yeso, por Jos\u00e9 de Chierico. APN<\/figcaption><\/figure>\n\n\n\n<figure class=\"wp-block-image size-large\"><img loading=\"lazy\" decoding=\"async\" width=\"494\" height=\"640\" data-id=\"6749\" src=\"https:\/\/cultura.sma.gob.ar\/wp-content\/uploads\/2025\/11\/06.-Maqueta-realizada-en-yeso.-APN.jpg\" alt=\"\" class=\"wp-image-6749\" srcset=\"https:\/\/cultura.sma.gob.ar\/wp-content\/uploads\/2025\/11\/06.-Maqueta-realizada-en-yeso.-APN.jpg 494w, https:\/\/cultura.sma.gob.ar\/wp-content\/uploads\/2025\/11\/06.-Maqueta-realizada-en-yeso.-APN-232x300.jpg 232w, https:\/\/cultura.sma.gob.ar\/wp-content\/uploads\/2025\/11\/06.-Maqueta-realizada-en-yeso.-APN-69x90.jpg 69w\" sizes=\"auto, (max-width: 494px) 100vw, 494px\" \/><figcaption class=\"wp-element-caption\">La llama votiva evoca el esp\u00edritu del Gral. San Mart\u00edn. Fotograf\u00eda de Leonardo Guevara.<\/figcaption><\/figure>\n<\/figure>\n\n\n\n<p><strong>\u201cCH\u00c9FERO\u201d: UN PICAPEDRERO RECORDADO EN LA CIUDAD<\/strong><\/p>\n\n\n\n<p>El r\u00fastico pedestal del monumento es parte integral del antiguo empedrado, ya que representa las altas cumbres de la cordillera. Fue esculpido por un picapedrero local, conocido como \u201cCh\u00e9fero\u201d y llamado <em>Ceferino Laurini<\/em>.&nbsp;<\/p>\n\n\n\n<p>Naci\u00f3 el 09 de noviembre de 1898 en G\u00e9nova (Italia), donde estudi\u00f3 la carrera de Artes y Oficios. Decidi\u00f3 viajar por Europa y vivir en Francia, Inglaterra, Alemania y Espa\u00f1a, aprendiendo el lenguaje de cada lugar. Luego de vivir en Brasil, llega a la Argentina para instalarse en la ciudad de Tandil. Se radica definitivamente en San Mart\u00edn de los Andes entre la d\u00e9cada del treinta y cuarenta, por su semejanza y recuerdo a los Montes Apeninos de sus ra\u00edces genovesas.&nbsp;<\/p>\n\n\n\n<p>Adem\u00e1s de utilizar la piedra, realizaba trabajos de herrer\u00eda, fabricando herramientas. La comunidad local lo recordaba por su habla castellana con palabras en italiano, teniendo la \u00f3pera como gusto musical predilecto. Falleci\u00f3 el 20 de Junio de 1968, dejando su singular marca en la arquitectura de San Mart\u00edn de los Andes; destacan el Registro Civil (ex Juzgado de Paz), la Escuela N\u00ba5, el ex Hotel Ronell (esquina Drury y Villegas), las viviendas del Parque Nacional Lan\u00edn y el cementerio local, entre otros.&nbsp;<\/p>\n\n\n\n<p>De esta manera, recopilamos la historia contada por los documentos, entrevistas y fotograf\u00edas que pertenecen al Patrimonio Cultural de San Mart\u00edn de los Andes. Invitamos a los vecinos y vecinas de San Mart\u00edn de los Andes a sumar nuevas historias. El Departamento de Patrimonio Hist\u00f3rico y Ciencias se encuentra en el Museo Municipal Primeros Pobladores, por calle Juan Manuel de Rosas y a pasos del Monumento a San Mart\u00edn.<\/p>\n\n\n<div class=\"wp-block-image\">\n<figure class=\"aligncenter size-large\"><img loading=\"lazy\" decoding=\"async\" width=\"768\" height=\"1024\" src=\"http:\/\/cultura.sma.gob.ar\/wp-content\/uploads\/2025\/11\/08.-Realizado-por-Luciana-Gonzalez.-Taller-de-Croquiseros-Urbanos-768x1024.jpeg\" alt=\"\" class=\"wp-image-6740\" srcset=\"https:\/\/cultura.sma.gob.ar\/wp-content\/uploads\/2025\/11\/08.-Realizado-por-Luciana-Gonzalez.-Taller-de-Croquiseros-Urbanos-768x1024.jpeg 768w, https:\/\/cultura.sma.gob.ar\/wp-content\/uploads\/2025\/11\/08.-Realizado-por-Luciana-Gonzalez.-Taller-de-Croquiseros-Urbanos-225x300.jpeg 225w, https:\/\/cultura.sma.gob.ar\/wp-content\/uploads\/2025\/11\/08.-Realizado-por-Luciana-Gonzalez.-Taller-de-Croquiseros-Urbanos-1152x1536.jpeg 1152w, https:\/\/cultura.sma.gob.ar\/wp-content\/uploads\/2025\/11\/08.-Realizado-por-Luciana-Gonzalez.-Taller-de-Croquiseros-Urbanos-1536x2048.jpeg 1536w, https:\/\/cultura.sma.gob.ar\/wp-content\/uploads\/2025\/11\/08.-Realizado-por-Luciana-Gonzalez.-Taller-de-Croquiseros-Urbanos-68x90.jpeg 68w, https:\/\/cultura.sma.gob.ar\/wp-content\/uploads\/2025\/11\/08.-Realizado-por-Luciana-Gonzalez.-Taller-de-Croquiseros-Urbanos-scaled.jpeg 1920w\" sizes=\"auto, (max-width: 768px) 100vw, 768px\" \/><figcaption class=\"wp-element-caption\">Plaza San Mart\u00edn por Luciana Gonzalez. Taller de Croquiseros Urbanos<\/figcaption><\/figure><\/div>\n\n\n<p><strong>BIBLIOGRAF\u00cdA<\/strong>:<\/p>\n\n\n\n<p>Algaze, Agust\u00edn<em>. \u201cMor\u00f3n al Padre de la Patria: historia de los homenajes a San Martin<\/em>\u201d. (2021) Los homenajes en Mor\u00f3n III: la estatua ecuestre. Instituto y Archivo Hist\u00f3rico de Mor\u00f3n.<\/p>\n\n\n\n<p><a href=\"https:\/\/historiamoron.wordpress.com\/2021\/08\/17\/moron-al-padre-de-la-patria-historia-de-los-homenajes-a-san-martin\/\">https:\/\/historiamoron.wordpress.com\/2021\/08\/17\/moron-al-padre-de-la-patria-historia-de-los-homenajes-a-san-martin\/<\/a><\/p>\n\n\n\n<p>De Mena, Ana Mar\u00eda. \u201c<em>Maclovia y el Pueblo\u201d<\/em>, (2019). Homenajes a San Mart\u00edn. Editado por Ana Mar\u00eda de Mena. 1a revisi\u00f3n revisada. San Mart\u00edn de los Andes: Ana Mar\u00eda de Mena.<\/p>\n\n\n\n<p>Entrevista a Carlos Lozada Acu\u00f1a en el programa <em>Legado Cultural<\/em>, segmento &#8220;Patrimonio nuestro&#8221;&nbsp; (2004). Dir. Marcelo Gobbo. TNG Comunicaci\u00f3n Integral, con el apoyo de la Subsecretar\u00eda de Cultura de San Mart\u00edn de los Andes, Municipalidad de San Mart\u00edn de los Andes.&nbsp;<\/p>\n\n\n\n<p><em>Anales de Parques Nacionales.<\/em> (1947). Secretar\u00eda de Estado de Agricultura y Ganader\u00eda de la Naci\u00f3n, Direcci\u00f3n&nbsp; General de Parques Nacionales.<\/p>\n\n\n\n<p>\u201c<em>VISION DE ARGENTINA<\/em>\u201d (1950) Ministerio de obras p\u00fablicas de la Naci\u00f3n. Administraci\u00f3n General de Parques Nacionales y Turismo.<\/p>\n\n\n\n<p><em>Carta de Leticia Laurini a \u201cSra. De Antonio Ruiz\u201d<\/em>. Dpto. de Patrimonio Hist\u00f3rico y Ciencias. Secretar\u00eda de Cultura de San Mart\u00edn de los Andes.<\/p>\n\n\n\n<p>Fotograf\u00edas pertenecientes al Archivo Hist\u00f3rico del Dpto. de Patrimonio Hist\u00f3rico y Ciencias. Secretar\u00eda de Cultura de San Mart\u00edn de los Andes. Derechos reservados.<\/p>\n\n\n\n<p>Actas de Comisi\u00f3n de Fomento 1949 &#8211; 1950. Archivo Hist\u00f3rico del Dpto. de Patrimonio Hist\u00f3rico y Ciencias. Secretar\u00eda de Cultura de San Mart\u00edn de los Andes. Derechos reservados.<\/p>\n","protected":false},"excerpt":{"rendered":"<p>Texto por Tomas Iglesias, Dpto. de Patrimonio Hist\u00f3rico y Ciencias La estatua ecuestre lleg\u00f3 a la localidad en 1950, para conmemorar los 100 a\u00f1os del fallecimiento del pr\u00f3cer, Don Jos\u00e9 de San Mart\u00edn. El \u201cA\u00f1o del Libertador\u201d convoc\u00f3 a homenajes y celebraciones en todo el pa\u00eds; podemos apreciar en el centro de la plaza las diversas placas y homenajes que recuerdan este suceso hist\u00f3rico.&nbsp; \u00bfC\u00f3mo &hellip; <a href=\"https:\/\/cultura.sma.gob.ar\/?p=6738\" class=\"more-link\">Continue reading <span class=\"screen-reader-text\">El MONUMENTO Al GENERAL SAN MART\u00cdN: 75 A\u00d1OS DE SU EMPLAZAMIENTO<\/span><\/a><\/p>\n","protected":false},"author":3,"featured_media":6745,"comment_status":"closed","ping_status":"","sticky":false,"template":"","format":"image","meta":{"footnotes":""},"categories":[4,5,9],"tags":[],"class_list":["post-6738","post","type-post","status-publish","format-image","has-post-thumbnail","hentry","category-museo-primeros-pobladores","category-patrimonio-cultural","category-ultimas-noticias","post_format-post-format-image"],"_links":{"self":[{"href":"https:\/\/cultura.sma.gob.ar\/index.php?rest_route=\/wp\/v2\/posts\/6738","targetHints":{"allow":["GET"]}}],"collection":[{"href":"https:\/\/cultura.sma.gob.ar\/index.php?rest_route=\/wp\/v2\/posts"}],"about":[{"href":"https:\/\/cultura.sma.gob.ar\/index.php?rest_route=\/wp\/v2\/types\/post"}],"author":[{"embeddable":true,"href":"https:\/\/cultura.sma.gob.ar\/index.php?rest_route=\/wp\/v2\/users\/3"}],"replies":[{"embeddable":true,"href":"https:\/\/cultura.sma.gob.ar\/index.php?rest_route=%2Fwp%2Fv2%2Fcomments&post=6738"}],"version-history":[{"count":1,"href":"https:\/\/cultura.sma.gob.ar\/index.php?rest_route=\/wp\/v2\/posts\/6738\/revisions"}],"predecessor-version":[{"id":6750,"href":"https:\/\/cultura.sma.gob.ar\/index.php?rest_route=\/wp\/v2\/posts\/6738\/revisions\/6750"}],"wp:featuredmedia":[{"embeddable":true,"href":"https:\/\/cultura.sma.gob.ar\/index.php?rest_route=\/wp\/v2\/media\/6745"}],"wp:attachment":[{"href":"https:\/\/cultura.sma.gob.ar\/index.php?rest_route=%2Fwp%2Fv2%2Fmedia&parent=6738"}],"wp:term":[{"taxonomy":"category","embeddable":true,"href":"https:\/\/cultura.sma.gob.ar\/index.php?rest_route=%2Fwp%2Fv2%2Fcategories&post=6738"},{"taxonomy":"post_tag","embeddable":true,"href":"https:\/\/cultura.sma.gob.ar\/index.php?rest_route=%2Fwp%2Fv2%2Ftags&post=6738"}],"curies":[{"name":"wp","href":"https:\/\/api.w.org\/{rel}","templated":true}]}}