{"id":673,"date":"2020-11-06T22:43:35","date_gmt":"2020-11-07T01:43:35","guid":{"rendered":"http:\/\/cultura.sma.gob.ar\/?p=673"},"modified":"2020-11-06T22:49:07","modified_gmt":"2020-11-07T01:49:07","slug":"673","status":"publish","type":"post","link":"https:\/\/cultura.sma.gob.ar\/?p=673","title":{"rendered":"Ana Mar\u00eda de Mena &#8211; 14\u00b0Feria Regional del Libro"},"content":{"rendered":"\n<figure class=\"wp-block-image size-large\"><img loading=\"lazy\" decoding=\"async\" width=\"743\" height=\"755\" src=\"http:\/\/cultura.sma.gob.ar\/wp-content\/uploads\/2020\/11\/MACLOVIA.png\" alt=\"\" class=\"wp-image-674\" srcset=\"https:\/\/cultura.sma.gob.ar\/wp-content\/uploads\/2020\/11\/MACLOVIA.png 743w, https:\/\/cultura.sma.gob.ar\/wp-content\/uploads\/2020\/11\/MACLOVIA-295x300.png 295w, https:\/\/cultura.sma.gob.ar\/wp-content\/uploads\/2020\/11\/MACLOVIA-89x90.png 89w\" sizes=\"auto, (max-width: 743px) 100vw, 743px\" \/><\/figure>\n\n\n\n<p><strong>Ana Mar\u00eda de Mena<\/strong><\/p>\n\n\n\n<p>Presenta el libro \u201c<strong>Maclovia y el pueblo\u201d<\/strong><\/p>\n\n\n\n<ul class=\"wp-block-list\"><li>S\u00e1bado 14- 18:45 hs &#8211; Morphen<\/li><\/ul>\n\n\n\n<p><strong>Reserva tu lugar en el restaurante<\/strong><\/p>\n\n\n\n<p>La escritora, docente, historiadora y homenajeada de la 14\u00b0 Feria Regional del Libro, Ana Mar\u00eda de Mena, presenta su libro \u201cMaclovia el pueblo\u201d.<\/p>\n\n\n\n<p>El inter\u00e9s por el lugar donde naci\u00f3, llev\u00f3 a Maclovia Torres a guardar fotograf\u00edas, documentos y publicaciones que enriquecen lo que atesora su prodigiosa memoria. Frecuentemente consultada sobre el pasado, decidi\u00f3 publicar sus recuerdos y eligi\u00f3 quien los escribiera.<\/p>\n","protected":false},"excerpt":{"rendered":"<p>Actividad presencial <a href=\"https:\/\/cultura.sma.gob.ar\/?p=673\" class=\"more-link\">Continue reading <span class=\"screen-reader-text\">Ana Mar\u00eda de Mena &#8211; 14\u00b0Feria Regional del Libro<\/span><\/a><\/p>\n","protected":false},"author":1,"featured_media":296,"comment_status":"closed","ping_status":"","sticky":false,"template":"","format":"image","meta":{"footnotes":""},"categories":[3,9],"tags":[],"class_list":["post-673","post","type-post","status-publish","format-image","has-post-thumbnail","hentry","category-eventos-cultura","category-ultimas-noticias","post_format-post-format-image"],"_links":{"self":[{"href":"https:\/\/cultura.sma.gob.ar\/index.php?rest_route=\/wp\/v2\/posts\/673","targetHints":{"allow":["GET"]}}],"collection":[{"href":"https:\/\/cultura.sma.gob.ar\/index.php?rest_route=\/wp\/v2\/posts"}],"about":[{"href":"https:\/\/cultura.sma.gob.ar\/index.php?rest_route=\/wp\/v2\/types\/post"}],"author":[{"embeddable":true,"href":"https:\/\/cultura.sma.gob.ar\/index.php?rest_route=\/wp\/v2\/users\/1"}],"replies":[{"embeddable":true,"href":"https:\/\/cultura.sma.gob.ar\/index.php?rest_route=%2Fwp%2Fv2%2Fcomments&post=673"}],"version-history":[{"count":2,"href":"https:\/\/cultura.sma.gob.ar\/index.php?rest_route=\/wp\/v2\/posts\/673\/revisions"}],"predecessor-version":[{"id":679,"href":"https:\/\/cultura.sma.gob.ar\/index.php?rest_route=\/wp\/v2\/posts\/673\/revisions\/679"}],"wp:featuredmedia":[{"embeddable":true,"href":"https:\/\/cultura.sma.gob.ar\/index.php?rest_route=\/wp\/v2\/media\/296"}],"wp:attachment":[{"href":"https:\/\/cultura.sma.gob.ar\/index.php?rest_route=%2Fwp%2Fv2%2Fmedia&parent=673"}],"wp:term":[{"taxonomy":"category","embeddable":true,"href":"https:\/\/cultura.sma.gob.ar\/index.php?rest_route=%2Fwp%2Fv2%2Fcategories&post=673"},{"taxonomy":"post_tag","embeddable":true,"href":"https:\/\/cultura.sma.gob.ar\/index.php?rest_route=%2Fwp%2Fv2%2Ftags&post=673"}],"curies":[{"name":"wp","href":"https:\/\/api.w.org\/{rel}","templated":true}]}}