{"id":6726,"date":"2025-10-22T10:16:27","date_gmt":"2025-10-22T13:16:27","guid":{"rendered":"https:\/\/cultura.sma.gob.ar\/?p=6726"},"modified":"2025-10-22T10:16:27","modified_gmt":"2025-10-22T13:16:27","slug":"nuevo-seminario-de-la-red-de-prevencion-familia-escuela","status":"publish","type":"post","link":"https:\/\/cultura.sma.gob.ar\/?p=6726","title":{"rendered":"Nuevo seminario de la Red de Prevenci\u00f3n Familia-escuela"},"content":{"rendered":"\n<p>Nuestro pr\u00f3ximo encuentro ser\u00e1 el jueves 6 de noviembre a las 18:30 hs en la Biblioteca Popular de San Mart\u00edn de los Andes. Tenemos el honor de contar con la presencia de la Lic. Monica Toscano, creadora del M\u00e9todo Monica Toscano Prevention in Act\u00ae\ufe0f SEMINARIOS DE LA RED DE PREVENCI\u00d3N FAMILIA-ESCUELA. M\u00f3dulo IV : \u201cCuando la red deviene un laberinto\u201d<\/p>\n\n\n\n<figure class=\"wp-block-image size-large\"><img loading=\"lazy\" decoding=\"async\" width=\"819\" height=\"1024\" src=\"https:\/\/cultura.sma.gob.ar\/wp-content\/uploads\/2025\/10\/image-819x1024.png\" alt=\"\" class=\"wp-image-6727\" srcset=\"https:\/\/cultura.sma.gob.ar\/wp-content\/uploads\/2025\/10\/image-819x1024.png 819w, https:\/\/cultura.sma.gob.ar\/wp-content\/uploads\/2025\/10\/image-240x300.png 240w, https:\/\/cultura.sma.gob.ar\/wp-content\/uploads\/2025\/10\/image-768x960.png 768w, https:\/\/cultura.sma.gob.ar\/wp-content\/uploads\/2025\/10\/image-72x90.png 72w, https:\/\/cultura.sma.gob.ar\/wp-content\/uploads\/2025\/10\/image.png 1080w\" sizes=\"auto, (max-width: 819px) 100vw, 819px\" \/><\/figure>\n\n\n\n<p>Abrimos los siguientes interrogantes para poder acompa\u00f1ar a nuestros hijos y a nuestros alumnos, cuando el riesgo llama a sus puertas quiz\u00e1s con m\u00e1s intensidad que nunca.<\/p>\n\n\n\n<p>\u00bfQu\u00e9 sucede cuando se degrada un instrumento tan valioso como internet, que fue creado, que fue instalado para la investigaci\u00f3n, la uni\u00f3n y\/o para la colaboraci\u00f3n?<\/p>\n\n\n\n<p>\u00bfQu\u00e9 sucede cuando la red es utilizada m\u00e1s all\u00e1 de sus fines nobles para devenir escenario, muchas veces, de las m\u00e1ximas expresiones de violencia no limitada sobre nuestros j\u00f3venes?<\/p>\n\n\n\n<p>\u00bfQu\u00e9 sucede cuando se enredan los hilos y es all\u00ed que podr\u00edamos decir que la red deviene un laberinto?<\/p>\n\n\n\n<p>\u201cSi no hac\u00eda o dec\u00eda lo que ellos quer\u00edan, me iban a cancelar, ignorar de todos sus grupos, de todos sus juegos, y eso para m\u00ed hoy es insoportable. Volver a estar solo.\u201d<br>Alumno de 12 a\u00f1os, escuela de Buenos Aires.<\/p>\n\n\n\n<p>\u201cCon la utilizaci\u00f3n de las pantallas, puedo crear mi mundo, encontrar amigos y amigas para jugar y despu\u00e9s te sent\u00eds traicionada, porque muchas veces se hacen pasar por quienes no son.\u201d<br>Alumna de 13 a\u00f1os, D\u00fcsseldorf.<\/p>\n\n\n\n<p>Agradecemos puntualmente la presencia de la Lic. Monica Toscano para enriquecer y cerrar temas tan valiosos y profundos que viven los j\u00f3venes hoy desde edades cada vez m\u00e1s tempranas.<\/p>\n","protected":false},"excerpt":{"rendered":"<p>Nuestro pr\u00f3ximo encuentro ser\u00e1 el jueves 6 de noviembre a las 18:30 hs en la Biblioteca Popular de San Mart\u00edn de los Andes. Tenemos el honor de contar con la presencia de la Lic. Monica Toscano, creadora del M\u00e9todo Monica Toscano Prevention in Act\u00ae\ufe0f SEMINARIOS DE LA RED DE PREVENCI\u00d3N FAMILIA-ESCUELA. M\u00f3dulo IV : \u201cCuando la red deviene un laberinto\u201d Abrimos los siguientes interrogantes para &hellip; <a href=\"https:\/\/cultura.sma.gob.ar\/?p=6726\" class=\"more-link\">Continue reading <span class=\"screen-reader-text\">Nuevo seminario de la Red de Prevenci\u00f3n Familia-escuela<\/span><\/a><\/p>\n","protected":false},"author":3,"featured_media":297,"comment_status":"closed","ping_status":"","sticky":false,"template":"","format":"image","meta":{"footnotes":""},"categories":[2],"tags":[],"class_list":["post-6726","post","type-post","status-publish","format-image","has-post-thumbnail","hentry","category-ciudad-cultural","post_format-post-format-image"],"_links":{"self":[{"href":"https:\/\/cultura.sma.gob.ar\/index.php?rest_route=\/wp\/v2\/posts\/6726","targetHints":{"allow":["GET"]}}],"collection":[{"href":"https:\/\/cultura.sma.gob.ar\/index.php?rest_route=\/wp\/v2\/posts"}],"about":[{"href":"https:\/\/cultura.sma.gob.ar\/index.php?rest_route=\/wp\/v2\/types\/post"}],"author":[{"embeddable":true,"href":"https:\/\/cultura.sma.gob.ar\/index.php?rest_route=\/wp\/v2\/users\/3"}],"replies":[{"embeddable":true,"href":"https:\/\/cultura.sma.gob.ar\/index.php?rest_route=%2Fwp%2Fv2%2Fcomments&post=6726"}],"version-history":[{"count":1,"href":"https:\/\/cultura.sma.gob.ar\/index.php?rest_route=\/wp\/v2\/posts\/6726\/revisions"}],"predecessor-version":[{"id":6728,"href":"https:\/\/cultura.sma.gob.ar\/index.php?rest_route=\/wp\/v2\/posts\/6726\/revisions\/6728"}],"wp:featuredmedia":[{"embeddable":true,"href":"https:\/\/cultura.sma.gob.ar\/index.php?rest_route=\/wp\/v2\/media\/297"}],"wp:attachment":[{"href":"https:\/\/cultura.sma.gob.ar\/index.php?rest_route=%2Fwp%2Fv2%2Fmedia&parent=6726"}],"wp:term":[{"taxonomy":"category","embeddable":true,"href":"https:\/\/cultura.sma.gob.ar\/index.php?rest_route=%2Fwp%2Fv2%2Fcategories&post=6726"},{"taxonomy":"post_tag","embeddable":true,"href":"https:\/\/cultura.sma.gob.ar\/index.php?rest_route=%2Fwp%2Fv2%2Ftags&post=6726"}],"curies":[{"name":"wp","href":"https:\/\/api.w.org\/{rel}","templated":true}]}}