{"id":6717,"date":"2025-10-20T09:46:26","date_gmt":"2025-10-20T12:46:26","guid":{"rendered":"https:\/\/cultura.sma.gob.ar\/?p=6717"},"modified":"2025-10-20T09:46:26","modified_gmt":"2025-10-20T12:46:26","slug":"abrio-la-convocatoria-para-exponer-en-la-sala-chapitel-durante-el-2026","status":"publish","type":"post","link":"https:\/\/cultura.sma.gob.ar\/?p=6717","title":{"rendered":"Abri\u00f3 la convocatoria para exponer en la Sala Chapitel durante el 2026"},"content":{"rendered":"\n<p>La Secretar\u00eda de Cultura y Educaci\u00f3n abre Convocatoria para exponer en la sala Lidaura Chapitel durante el a\u00f1o 2026. Est\u00e1 destinada artistas visuales o colectivos de artistas\u00a0de Neuqu\u00e9n y R\u00edo Negro. Podr\u00e1n presentar sus propuestas hasta el 28 de noviembre de 2025. Los proyectos ser\u00e1n evaluados\u00a0por el Jurado Externo conformado especialmente para la presente edici\u00f3n por: Carmen Di Prinzio (Historiadora de Arte, Curadora y Gestora Cultural), Patricia del R\u00edo (Arquitecta y Gestora Cultural), la Asociaci\u00f3n Amigos de la sala Lidaura Chapitel y el equipo de la Secretar\u00eda de Cultura Municipal.<\/p>\n\n\n\n<p>+ info :&nbsp;<a href=\"mailto:salamunicpal.chapitel@gmail.com\" target=\"_blank\" rel=\"noreferrer noopener\">salamunicpal.chapitel@gmail.com<\/a><\/p>\n\n\n<div class=\"wp-block-image\">\n<figure class=\"aligncenter size-large is-resized\"><img loading=\"lazy\" decoding=\"async\" width=\"1024\" height=\"1024\" src=\"http:\/\/cultura.sma.gob.ar\/wp-content\/uploads\/2025\/10\/SMA-LC0037-Convocatoria-Artes-Visuales-2025-final_1x1-A-1024x1024.jpg\" alt=\"\" class=\"wp-image-6718\" style=\"width:512px;height:auto\" srcset=\"https:\/\/cultura.sma.gob.ar\/wp-content\/uploads\/2025\/10\/SMA-LC0037-Convocatoria-Artes-Visuales-2025-final_1x1-A-1024x1024.jpg 1024w, https:\/\/cultura.sma.gob.ar\/wp-content\/uploads\/2025\/10\/SMA-LC0037-Convocatoria-Artes-Visuales-2025-final_1x1-A-300x300.jpg 300w, https:\/\/cultura.sma.gob.ar\/wp-content\/uploads\/2025\/10\/SMA-LC0037-Convocatoria-Artes-Visuales-2025-final_1x1-A-150x150.jpg 150w, https:\/\/cultura.sma.gob.ar\/wp-content\/uploads\/2025\/10\/SMA-LC0037-Convocatoria-Artes-Visuales-2025-final_1x1-A-768x768.jpg 768w, https:\/\/cultura.sma.gob.ar\/wp-content\/uploads\/2025\/10\/SMA-LC0037-Convocatoria-Artes-Visuales-2025-final_1x1-A-1536x1536.jpg 1536w, https:\/\/cultura.sma.gob.ar\/wp-content\/uploads\/2025\/10\/SMA-LC0037-Convocatoria-Artes-Visuales-2025-final_1x1-A-2048x2048.jpg 2048w, https:\/\/cultura.sma.gob.ar\/wp-content\/uploads\/2025\/10\/SMA-LC0037-Convocatoria-Artes-Visuales-2025-final_1x1-A-90x90.jpg 90w\" sizes=\"auto, (max-width: 1024px) 100vw, 1024px\" \/><\/figure><\/div>\n\n\n<div data-wp-interactive=\"core\/file\" class=\"wp-block-file\"><object data-wp-bind--hidden=\"!state.hasPdfPreview\" hidden class=\"wp-block-file__embed\" data=\"https:\/\/cultura.sma.gob.ar\/wp-content\/uploads\/2025\/10\/Convocatoria-Artes-Visuales-2026-BASES.pdf\" type=\"application\/pdf\" style=\"width:100%;height:600px\" aria-label=\"Incrustado de Convocatoria Artes Visuales 2026 BASES.\"><\/object><a id=\"wp-block-file--media-597ae024-7142-46c3-81d4-04aec713eb36\" href=\"https:\/\/cultura.sma.gob.ar\/wp-content\/uploads\/2025\/10\/Convocatoria-Artes-Visuales-2026-BASES.pdf\">Convocatoria Artes Visuales 2026 BASES<\/a><a href=\"https:\/\/cultura.sma.gob.ar\/wp-content\/uploads\/2025\/10\/Convocatoria-Artes-Visuales-2026-BASES.pdf\" class=\"wp-block-file__button wp-element-button\" download aria-describedby=\"wp-block-file--media-597ae024-7142-46c3-81d4-04aec713eb36\">Descarga<\/a><\/div>\n","protected":false},"excerpt":{"rendered":"<p>La Secretar\u00eda de Cultura y Educaci\u00f3n abre Convocatoria para exponer en la sala Lidaura Chapitel durante el a\u00f1o 2026. Est\u00e1 destinada artistas visuales o colectivos de artistas\u00a0de Neuqu\u00e9n y R\u00edo Negro. Podr\u00e1n presentar sus propuestas hasta el 28 de noviembre de 2025. Los proyectos ser\u00e1n evaluados\u00a0por el Jurado Externo conformado especialmente para la presente edici\u00f3n por: Carmen Di Prinzio (Historiadora de Arte, Curadora y Gestora &hellip; <a href=\"https:\/\/cultura.sma.gob.ar\/?p=6717\" class=\"more-link\">Continue reading <span class=\"screen-reader-text\">Abri\u00f3 la convocatoria para exponer en la Sala Chapitel durante el 2026<\/span><\/a><\/p>\n","protected":false},"author":3,"featured_media":295,"comment_status":"closed","ping_status":"","sticky":false,"template":"","format":"image","meta":{"footnotes":""},"categories":[6],"tags":[],"class_list":["post-6717","post","type-post","status-publish","format-image","has-post-thumbnail","hentry","category-sala-lidaura-chapitel","post_format-post-format-image"],"_links":{"self":[{"href":"https:\/\/cultura.sma.gob.ar\/index.php?rest_route=\/wp\/v2\/posts\/6717","targetHints":{"allow":["GET"]}}],"collection":[{"href":"https:\/\/cultura.sma.gob.ar\/index.php?rest_route=\/wp\/v2\/posts"}],"about":[{"href":"https:\/\/cultura.sma.gob.ar\/index.php?rest_route=\/wp\/v2\/types\/post"}],"author":[{"embeddable":true,"href":"https:\/\/cultura.sma.gob.ar\/index.php?rest_route=\/wp\/v2\/users\/3"}],"replies":[{"embeddable":true,"href":"https:\/\/cultura.sma.gob.ar\/index.php?rest_route=%2Fwp%2Fv2%2Fcomments&post=6717"}],"version-history":[{"count":1,"href":"https:\/\/cultura.sma.gob.ar\/index.php?rest_route=\/wp\/v2\/posts\/6717\/revisions"}],"predecessor-version":[{"id":6722,"href":"https:\/\/cultura.sma.gob.ar\/index.php?rest_route=\/wp\/v2\/posts\/6717\/revisions\/6722"}],"wp:featuredmedia":[{"embeddable":true,"href":"https:\/\/cultura.sma.gob.ar\/index.php?rest_route=\/wp\/v2\/media\/295"}],"wp:attachment":[{"href":"https:\/\/cultura.sma.gob.ar\/index.php?rest_route=%2Fwp%2Fv2%2Fmedia&parent=6717"}],"wp:term":[{"taxonomy":"category","embeddable":true,"href":"https:\/\/cultura.sma.gob.ar\/index.php?rest_route=%2Fwp%2Fv2%2Fcategories&post=6717"},{"taxonomy":"post_tag","embeddable":true,"href":"https:\/\/cultura.sma.gob.ar\/index.php?rest_route=%2Fwp%2Fv2%2Ftags&post=6717"}],"curies":[{"name":"wp","href":"https:\/\/api.w.org\/{rel}","templated":true}]}}