{"id":6712,"date":"2025-10-08T08:49:15","date_gmt":"2025-10-08T11:49:15","guid":{"rendered":"https:\/\/cultura.sma.gob.ar\/?p=6712"},"modified":"2025-10-08T08:49:15","modified_gmt":"2025-10-08T11:49:15","slug":"patrimonios-que-ensenan-espacio-de-formacion-para-docentes-y-profesionales","status":"publish","type":"post","link":"https:\/\/cultura.sma.gob.ar\/?p=6712","title":{"rendered":"&#8220;Patrimonios que ense\u00f1an&#8221;: espacio de formaci\u00f3n para docentes y profesionales"},"content":{"rendered":"\n<figure class=\"wp-block-image size-large\"><img loading=\"lazy\" decoding=\"async\" width=\"819\" height=\"1024\" src=\"https:\/\/cultura.sma.gob.ar\/wp-content\/uploads\/2025\/10\/WhatsApp-Image-2025-10-07-at-6.05.44-PM-819x1024.jpeg\" alt=\"\" class=\"wp-image-6713\" srcset=\"https:\/\/cultura.sma.gob.ar\/wp-content\/uploads\/2025\/10\/WhatsApp-Image-2025-10-07-at-6.05.44-PM-819x1024.jpeg 819w, https:\/\/cultura.sma.gob.ar\/wp-content\/uploads\/2025\/10\/WhatsApp-Image-2025-10-07-at-6.05.44-PM-240x300.jpeg 240w, https:\/\/cultura.sma.gob.ar\/wp-content\/uploads\/2025\/10\/WhatsApp-Image-2025-10-07-at-6.05.44-PM-768x960.jpeg 768w, https:\/\/cultura.sma.gob.ar\/wp-content\/uploads\/2025\/10\/WhatsApp-Image-2025-10-07-at-6.05.44-PM-72x90.jpeg 72w, https:\/\/cultura.sma.gob.ar\/wp-content\/uploads\/2025\/10\/WhatsApp-Image-2025-10-07-at-6.05.44-PM.jpeg 1024w\" sizes=\"auto, (max-width: 819px) 100vw, 819px\" \/><\/figure>\n\n\n\n<p>En octubre, Tom\u00e1s Vaccaro va a estar coordinando el curso \u201cPatrimonios que ense\u00f1an\u201d, una propuesta pensada para que docentes y profesionales puedan trabajar el patrimonio cultural en la escuela, vinculando identidad, comunidad y educaci\u00f3n.<\/p>\n\n\n\n<p>Ser\u00e1n 5 encuentros h\u00edbridos (presenciales en San Mart\u00edn de los Andes y virtuales v\u00eda Zoom), con especialistas invitados de distintas disciplinas.<\/p>\n\n\n\n<p>Toda la info e inscripciones est\u00e1n en este link \ud83d\udc49 https:\/\/bit.ly\/4nEFHa4<\/p>\n\n\n\n<p>El curso se puede abonar con cualquier m\u00e9todo de pago y hasta en cuotas \ud83d\udcb3<\/p>\n\n\n\n<p>\ud83d\ude4c Te lo recomendamos mucho y tambi\u00e9n pod\u00e9s compartirlo con colegas o personas que puedan estar interesadas.<\/p>\n","protected":false},"excerpt":{"rendered":"<p>En octubre, Tom\u00e1s Vaccaro va a estar coordinando el curso \u201cPatrimonios que ense\u00f1an\u201d, una propuesta pensada para que docentes y profesionales puedan trabajar el patrimonio cultural en la escuela, vinculando identidad, comunidad y educaci\u00f3n. Ser\u00e1n 5 encuentros h\u00edbridos (presenciales en San Mart\u00edn de los Andes y virtuales v\u00eda Zoom), con especialistas invitados de distintas disciplinas. Toda la info e inscripciones est\u00e1n en este link \ud83d\udc49 &hellip; <a href=\"https:\/\/cultura.sma.gob.ar\/?p=6712\" class=\"more-link\">Continue reading <span class=\"screen-reader-text\">&#8220;Patrimonios que ense\u00f1an&#8221;: espacio de formaci\u00f3n para docentes y profesionales<\/span><\/a><\/p>\n","protected":false},"author":3,"featured_media":297,"comment_status":"closed","ping_status":"","sticky":false,"template":"","format":"image","meta":{"footnotes":""},"categories":[2,9],"tags":[],"class_list":["post-6712","post","type-post","status-publish","format-image","has-post-thumbnail","hentry","category-ciudad-cultural","category-ultimas-noticias","post_format-post-format-image"],"_links":{"self":[{"href":"https:\/\/cultura.sma.gob.ar\/index.php?rest_route=\/wp\/v2\/posts\/6712","targetHints":{"allow":["GET"]}}],"collection":[{"href":"https:\/\/cultura.sma.gob.ar\/index.php?rest_route=\/wp\/v2\/posts"}],"about":[{"href":"https:\/\/cultura.sma.gob.ar\/index.php?rest_route=\/wp\/v2\/types\/post"}],"author":[{"embeddable":true,"href":"https:\/\/cultura.sma.gob.ar\/index.php?rest_route=\/wp\/v2\/users\/3"}],"replies":[{"embeddable":true,"href":"https:\/\/cultura.sma.gob.ar\/index.php?rest_route=%2Fwp%2Fv2%2Fcomments&post=6712"}],"version-history":[{"count":1,"href":"https:\/\/cultura.sma.gob.ar\/index.php?rest_route=\/wp\/v2\/posts\/6712\/revisions"}],"predecessor-version":[{"id":6714,"href":"https:\/\/cultura.sma.gob.ar\/index.php?rest_route=\/wp\/v2\/posts\/6712\/revisions\/6714"}],"wp:featuredmedia":[{"embeddable":true,"href":"https:\/\/cultura.sma.gob.ar\/index.php?rest_route=\/wp\/v2\/media\/297"}],"wp:attachment":[{"href":"https:\/\/cultura.sma.gob.ar\/index.php?rest_route=%2Fwp%2Fv2%2Fmedia&parent=6712"}],"wp:term":[{"taxonomy":"category","embeddable":true,"href":"https:\/\/cultura.sma.gob.ar\/index.php?rest_route=%2Fwp%2Fv2%2Fcategories&post=6712"},{"taxonomy":"post_tag","embeddable":true,"href":"https:\/\/cultura.sma.gob.ar\/index.php?rest_route=%2Fwp%2Fv2%2Ftags&post=6712"}],"curies":[{"name":"wp","href":"https:\/\/api.w.org\/{rel}","templated":true}]}}