{"id":6703,"date":"2025-10-04T11:06:56","date_gmt":"2025-10-04T14:06:56","guid":{"rendered":"https:\/\/cultura.sma.gob.ar\/?p=6703"},"modified":"2025-10-06T09:08:53","modified_gmt":"2025-10-06T12:08:53","slug":"comienza-la-19-feria-regional-del-libro-de-san-martin-de-los-andes","status":"publish","type":"post","link":"https:\/\/cultura.sma.gob.ar\/?p=6703","title":{"rendered":"Comienza la 19\u00b0 Feria Regional del Libro de San Mart\u00edn de los Andes"},"content":{"rendered":"\n<p>Del s\u00e1bado 11 de octubre hasta el 18 de octubre, se desarrollar\u00e1 la 19 edici\u00f3n de la Feria Regional del Libro en San Mart\u00edn de los Andes. Estar\u00e1 la  Carpa Expositiva con m\u00e1s de 30 stands en Drury 665, esquina Gral Roca, conectada con el Auditorio Principal que ser\u00e1 la Sala Municipal de Exposiciones &#8220;Lidaura Chapitel&#8221;. Se realizar\u00e1n actividades anexas en otros lugares de la ciudad como el Teatro San Jos\u00e9, Bibliotecas Populares, Espacio Trama, La Pastera, IFD N\u00b0 3, entre otros. La entrada es libre y gratuita.<\/p>\n\n\n\n<p>Como todos los a\u00f1os, el evento se organiz\u00f3 de forma participativa, con una comisi\u00f3n integrada por representantes de 14 entidades e instituciones. Este a\u00f1o, el lema es &#8220;Leer desafIA y transforma&#8221;, y se realizar\u00e1 una actividad con mesa de debate sobre este tema. Adem\u00e1s de las presentaciones de libros, talleres y actividades propuestas en esta edici\u00f3n de la Feria Regional del libro, habr\u00e1 dos homenajes: una celebraci\u00f3n a editoriales locales; y un reconocimiento a mediadoras de lectura comunitaria. Se celebrar\u00e1 su compromiso con el trabajo y mediaci\u00f3n en la lectura para las infancias y adolescencias.<\/p>\n\n\n\n<figure class=\"wp-block-image size-large\"><img loading=\"lazy\" decoding=\"async\" width=\"819\" height=\"1024\" src=\"http:\/\/cultura.sma.gob.ar\/wp-content\/uploads\/2025\/10\/WhatsApp-Image-2025-10-04-at-10.50.18-AM-1-819x1024.jpeg\" alt=\"\" class=\"wp-image-6704\" srcset=\"https:\/\/cultura.sma.gob.ar\/wp-content\/uploads\/2025\/10\/WhatsApp-Image-2025-10-04-at-10.50.18-AM-1-819x1024.jpeg 819w, https:\/\/cultura.sma.gob.ar\/wp-content\/uploads\/2025\/10\/WhatsApp-Image-2025-10-04-at-10.50.18-AM-1-240x300.jpeg 240w, https:\/\/cultura.sma.gob.ar\/wp-content\/uploads\/2025\/10\/WhatsApp-Image-2025-10-04-at-10.50.18-AM-1-768x960.jpeg 768w, https:\/\/cultura.sma.gob.ar\/wp-content\/uploads\/2025\/10\/WhatsApp-Image-2025-10-04-at-10.50.18-AM-1-72x90.jpeg 72w, https:\/\/cultura.sma.gob.ar\/wp-content\/uploads\/2025\/10\/WhatsApp-Image-2025-10-04-at-10.50.18-AM-1.jpeg 1125w\" sizes=\"auto, (max-width: 819px) 100vw, 819px\" \/><\/figure>\n\n\n\n<p>Este a\u00f1o, habr\u00e1 m\u00e1s de 100 actividades, incluyendo propuestas en el auditorio, actividades anexas y las exposiciones del Proyecto 1,2,3 Literatura en acci\u00f3n, que tiene continuidad y es organizado por Supervisi\u00f3n Escolar Nivel Primario. El &nbsp;bar estar\u00e1 a cargo de la Asociaci\u00f3n Familiares y amigos de Orquesta Escuela Los Andes, quienes ofrecer\u00e1n cosas ricas para degustar y acompa\u00f1ar el encuentro.<\/p>\n\n\n\n<p>Los invitados nacionales de esta 19 edici\u00f3n son: Sylvia Iparraguirre, Ana Luisa Stok, Claudia Mas\u00edn y Ludovica Squirru, cuya presentaci\u00f3n est\u00e1 sujeta al cupo permitido en el auditorio y ser\u00e1 por orden de llegada. Por su parte, los invitados regionales son: Bernardo Colipan, Chelo Candia, y Sara Itkin<\/p>\n\n\n\n<p><strong>Horarios<\/strong><\/p>\n\n\n\n<p>S\u00e1bado 11: desde las 17.00h, acto inaugural 19.30h<\/p>\n\n\n\n<p>Domingo 12 desde las 15.00h<\/p>\n\n\n\n<p>Lunes a viernes actividades para escuelas de 10 a 12h, y de 15 a 17h &#8211;&nbsp; para todo p\u00fablico desde las 17.00.<\/p>\n\n\n\n<p>S\u00e1bado 18: desde las 15.00h<\/p>\n\n\n\n<p><strong><u>Muestra:<\/u>&nbsp;\u201cDi\u00e1logos visuales\u201d<\/strong> <strong>Exposici\u00f3n producida por la Sala Municipal de Exposiciones \u201cLidaura Chapitel\u201d.<\/strong><\/p>\n\n\n\n<p>Las obras reunidas en esta muestra de las artistas Ver\u00f3nica Arce, Claudia Carrazzoni y Chaby Linares, nos permiten acercarnos al g\u00e9nero de la poes\u00eda visual. La poes\u00eda visual es un lenguaje experimental en el que imagen y palabra se unen. La palabra se transforma y descompone develando diferentes dimensiones cuando, concebida en la imagen, asume un car\u00e1cter tanto gr\u00e1fico como simb\u00f3lico. Crea un nuevo orden sem\u00e1ntico que surge de esa \u00edntima ligaz\u00f3n.<\/p>\n\n\n\n<p><strong>Novedades de este a\u00f1o:<\/strong> Comprando un libro en los stands deben entregarte un n\u00famero con el que particip\u00e1s por un sorteo diario de libros que se realiza cada tarde, a las 19.00hs. Deb\u00e9s quedarte con una parte del tal\u00f3n y la otra depositarla en la urna correspondiente que estar\u00e1 visible en la carpa.&nbsp; El sorteo ser\u00e1 entre los compradores de ese d\u00eda hasta ese momento. Los n\u00fameros de las compras realizadas despu\u00e9s de las 19.00hs entran para el sorteo del d\u00eda siguiente. El ganador se tiene que encontrar presente en el auditorio con su n\u00famero en mano al momento del sorteo. <\/p>\n\n\n\n<p>Programa: <a href=\"https:\/\/drive.google.com\/file\/d\/1rcXr2Q1i0KwFaE9y2osQD1n2FRYBdxuz\/view?usp=sharing\">DESCARG\u00c1 EL PDF AC\u00c1<\/a><\/p>\n\n\n\n<figure class=\"wp-block-image size-large\"><img loading=\"lazy\" decoding=\"async\" width=\"1024\" height=\"740\" src=\"http:\/\/cultura.sma.gob.ar\/wp-content\/uploads\/2025\/10\/WhatsApp-Image-2025-10-04-at-10.50.18-AM-1024x740.jpeg\" alt=\"\" class=\"wp-image-6705\" srcset=\"https:\/\/cultura.sma.gob.ar\/wp-content\/uploads\/2025\/10\/WhatsApp-Image-2025-10-04-at-10.50.18-AM-1024x740.jpeg 1024w, https:\/\/cultura.sma.gob.ar\/wp-content\/uploads\/2025\/10\/WhatsApp-Image-2025-10-04-at-10.50.18-AM-300x217.jpeg 300w, https:\/\/cultura.sma.gob.ar\/wp-content\/uploads\/2025\/10\/WhatsApp-Image-2025-10-04-at-10.50.18-AM-768x555.jpeg 768w, https:\/\/cultura.sma.gob.ar\/wp-content\/uploads\/2025\/10\/WhatsApp-Image-2025-10-04-at-10.50.18-AM-125x90.jpeg 125w, https:\/\/cultura.sma.gob.ar\/wp-content\/uploads\/2025\/10\/WhatsApp-Image-2025-10-04-at-10.50.18-AM.jpeg 1411w\" sizes=\"auto, (max-width: 1024px) 100vw, 1024px\" \/><\/figure>\n","protected":false},"excerpt":{"rendered":"<p>Del s\u00e1bado 11 de octubre hasta el 18 de octubre, se desarrollar\u00e1 la 19 edici\u00f3n de la Feria Regional del Libro en San Mart\u00edn de los Andes. Estar\u00e1 la Carpa Expositiva con m\u00e1s de 30 stands en Drury 665, esquina Gral Roca, conectada con el Auditorio Principal que ser\u00e1 la Sala Municipal de Exposiciones &#8220;Lidaura Chapitel&#8221;. Se realizar\u00e1n actividades anexas en otros lugares de la &hellip; <a href=\"https:\/\/cultura.sma.gob.ar\/?p=6703\" class=\"more-link\">Continue reading <span class=\"screen-reader-text\">Comienza la 19\u00b0 Feria Regional del Libro de San Mart\u00edn de los Andes<\/span><\/a><\/p>\n","protected":false},"author":3,"featured_media":296,"comment_status":"closed","ping_status":"","sticky":false,"template":"","format":"image","meta":{"footnotes":""},"categories":[3,9],"tags":[],"class_list":["post-6703","post","type-post","status-publish","format-image","has-post-thumbnail","hentry","category-eventos-cultura","category-ultimas-noticias","post_format-post-format-image"],"_links":{"self":[{"href":"https:\/\/cultura.sma.gob.ar\/index.php?rest_route=\/wp\/v2\/posts\/6703","targetHints":{"allow":["GET"]}}],"collection":[{"href":"https:\/\/cultura.sma.gob.ar\/index.php?rest_route=\/wp\/v2\/posts"}],"about":[{"href":"https:\/\/cultura.sma.gob.ar\/index.php?rest_route=\/wp\/v2\/types\/post"}],"author":[{"embeddable":true,"href":"https:\/\/cultura.sma.gob.ar\/index.php?rest_route=\/wp\/v2\/users\/3"}],"replies":[{"embeddable":true,"href":"https:\/\/cultura.sma.gob.ar\/index.php?rest_route=%2Fwp%2Fv2%2Fcomments&post=6703"}],"version-history":[{"count":3,"href":"https:\/\/cultura.sma.gob.ar\/index.php?rest_route=\/wp\/v2\/posts\/6703\/revisions"}],"predecessor-version":[{"id":6710,"href":"https:\/\/cultura.sma.gob.ar\/index.php?rest_route=\/wp\/v2\/posts\/6703\/revisions\/6710"}],"wp:featuredmedia":[{"embeddable":true,"href":"https:\/\/cultura.sma.gob.ar\/index.php?rest_route=\/wp\/v2\/media\/296"}],"wp:attachment":[{"href":"https:\/\/cultura.sma.gob.ar\/index.php?rest_route=%2Fwp%2Fv2%2Fmedia&parent=6703"}],"wp:term":[{"taxonomy":"category","embeddable":true,"href":"https:\/\/cultura.sma.gob.ar\/index.php?rest_route=%2Fwp%2Fv2%2Fcategories&post=6703"},{"taxonomy":"post_tag","embeddable":true,"href":"https:\/\/cultura.sma.gob.ar\/index.php?rest_route=%2Fwp%2Fv2%2Ftags&post=6703"}],"curies":[{"name":"wp","href":"https:\/\/api.w.org\/{rel}","templated":true}]}}