{"id":6700,"date":"2025-10-03T15:00:29","date_gmt":"2025-10-03T18:00:29","guid":{"rendered":"https:\/\/cultura.sma.gob.ar\/?p=6700"},"modified":"2025-10-03T15:00:29","modified_gmt":"2025-10-03T18:00:29","slug":"programa-de-apoyo-a-festivales-y-encuentros-artisticos-y-culturales-de-gestion-independiente-de-la-provincia-del-neuquen","status":"publish","type":"post","link":"https:\/\/cultura.sma.gob.ar\/?p=6700","title":{"rendered":"Programa de Apoyo a Festivales y Encuentros Art\u00edsticos y Culturales de Gesti\u00f3n Independiente de la Provincia del Neuqu\u00e9n"},"content":{"rendered":"\n<p>La Subsecretar\u00eda de Cultura, dependiente de la Secretar\u00eda de Deportes, Cultura y Gesti\u00f3n Ciudadana&nbsp; del Ministerio de Desarrollo Humano, Gobiernos Locales y Mujeres, pone a disposici\u00f3n el Programa de &#8220;Apoyo a Festivales y Encuentros Art\u00edsticos y Culturales de Gesti\u00f3n Independiente&#8221;.&nbsp;<\/p>\n\n\n\n<p>Podr\u00e1n inscribirse las organizaciones de la sociedad civil culturales, sociales y art\u00edsticas, con personer\u00eda jur\u00eddica vigente, sin fines de lucro y domicilio en la Provincia del Neuqu\u00e9n, cuyo objeto est\u00e9 claramente relacionado con la tem\u00e1tica del evento para el cual solicita el aporte, en disciplinas art\u00edsticas y culturales tales como cine, artes esc\u00e9nicas (danza, circo, teatro), m\u00fasica, letras, entre otras.&nbsp;<\/p>\n\n\n\n<p>Esta primera convocatoria, que estar\u00e1 abierta desde\u00a0<strong>el 22 de septiembre hasta el 10 de octubre de 2025<\/strong>, apunta a festivales y encuentros que se lleven a cabo entre\u00a0<strong>noviembre 2025 y febrero 2026<\/strong>, en todo el territorio de la provincia. Cabe aclarar que los interesados podr\u00e1n presentar una propuesta por convocatoria.<\/p>\n\n\n\n<p><strong>Puntos clave del programa<\/strong><\/p>\n\n\n\n<ul class=\"wp-block-list\">\n<li>Los Aportes No Reintegrables (ANR) que se otorgar\u00e1n podr\u00e1n cubrir hasta el 50% del presupuesto total de cada proyecto, con un tope de 4.000.000 (cuatro millones) de pesos.<\/li>\n\n\n\n<li>Los fondos deber\u00e1n ser utilizados exclusivamente para gastos corrientes relacionados con la producci\u00f3n del evento, como honorarios de artistas, servicios t\u00e9cnicos, alquiler de equipos y vi\u00e1ticos.<\/li>\n\n\n\n<li>Disciplinas art\u00edsticas incluidas: artes cinematogr\u00e1ficas y audiovisuales; artes esc\u00e9nicas; artes musicales y sonoras; artes literarias, narrativas y producci\u00f3n editorial; artes pl\u00e1sticas y visuales; y artes gr\u00e1ficas e ilustraci\u00f3n.<\/li>\n\n\n\n<li>Fechas de los eventos: el programa apoyar\u00e1 festivales y encuentros que se desarrollen entre noviembre de 2025 y febrero de 2026.<\/li>\n\n\n\n<li>Convocatoria abierta: las postulaciones se recibir\u00e1n de manera virtual a trav\u00e9s de un formulario en l\u00ednea desde el 22 de septiembre hasta el 10 de octubre de 2025.<\/li>\n\n\n\n<li>Es un requisito obligatorio completar el formulario en su totalidad para que la propuesta sea considerada.<\/li>\n\n\n\n<li>Se seleccionar\u00e1n hasta 14 festivales en total,\u00a0asegurando una distribuci\u00f3n equitativa conforme al Plan Provincial de Regionalizaci\u00f3n (Ley 3480)<\/li>\n<\/ul>\n\n\n\n<p>Si tu organizaci\u00f3n (con Personer\u00eda Jur\u00eddica, sin fines de lucro) impulsa un festival de Artes Esc\u00e9nicas, M\u00fasica, Cine, Literatura o Artes Visuales, \u00a1Pod\u00e9s acceder a este Apoyo Econ\u00f3mico!<\/p>\n\n\n\n<p><strong>&nbsp;\u00bfQuer\u00e9s saber m\u00e1s y postularte?<\/strong><\/p>\n\n\n\n<p>Podes ingresar al siguiente link&nbsp;<img decoding=\"async\" alt=\"\ud83d\udc49\" src=\"https:\/\/fonts.gstatic.com\/s\/e\/notoemoji\/16.0\/1f449\/32.png\"><img decoding=\"async\" alt=\"\ud83d\udc47\" src=\"https:\/\/fonts.gstatic.com\/s\/e\/notoemoji\/16.0\/1f447\/32.png\"><\/p>\n\n\n\n<p><a href=\"https:\/\/linktr.ee\/sdeportesyjuventudes?utm_source=linktree_profile_share&amp;ltsid=6ceaa6d2-9418-4c20-bac5-4668f311b57e\">https:\/\/linktr.ee\/sdeportesyjuventudes?utm_source=linktree_profile_share&amp;ltsid=6ceaa6d2-9418-4c20-bac5-4668f311b57e<\/a><\/p>\n\n\n\n<p>Si necesitas asesoramiento, envi\u00e1 mensaje al siguiente whatsapp y nos comunicaremos con vos&nbsp;<strong>+54 9 2995 30-7432<\/strong><\/p>\n","protected":false},"excerpt":{"rendered":"<p>La Subsecretar\u00eda de Cultura, dependiente de la Secretar\u00eda de Deportes, Cultura y Gesti\u00f3n Ciudadana&nbsp; del Ministerio de Desarrollo Humano, Gobiernos Locales y Mujeres, pone a disposici\u00f3n el Programa de &#8220;Apoyo a Festivales y Encuentros Art\u00edsticos y Culturales de Gesti\u00f3n Independiente&#8221;.&nbsp; Podr\u00e1n inscribirse las organizaciones de la sociedad civil culturales, sociales y art\u00edsticas, con personer\u00eda jur\u00eddica vigente, sin fines de lucro y domicilio en la Provincia &hellip; <a href=\"https:\/\/cultura.sma.gob.ar\/?p=6700\" class=\"more-link\">Continue reading <span class=\"screen-reader-text\">Programa de Apoyo a Festivales y Encuentros Art\u00edsticos y Culturales de Gesti\u00f3n Independiente de la Provincia del Neuqu\u00e9n<\/span><\/a><\/p>\n","protected":false},"author":3,"featured_media":297,"comment_status":"closed","ping_status":"","sticky":false,"template":"","format":"image","meta":{"footnotes":""},"categories":[9],"tags":[],"class_list":["post-6700","post","type-post","status-publish","format-image","has-post-thumbnail","hentry","category-ultimas-noticias","post_format-post-format-image"],"_links":{"self":[{"href":"https:\/\/cultura.sma.gob.ar\/index.php?rest_route=\/wp\/v2\/posts\/6700","targetHints":{"allow":["GET"]}}],"collection":[{"href":"https:\/\/cultura.sma.gob.ar\/index.php?rest_route=\/wp\/v2\/posts"}],"about":[{"href":"https:\/\/cultura.sma.gob.ar\/index.php?rest_route=\/wp\/v2\/types\/post"}],"author":[{"embeddable":true,"href":"https:\/\/cultura.sma.gob.ar\/index.php?rest_route=\/wp\/v2\/users\/3"}],"replies":[{"embeddable":true,"href":"https:\/\/cultura.sma.gob.ar\/index.php?rest_route=%2Fwp%2Fv2%2Fcomments&post=6700"}],"version-history":[{"count":1,"href":"https:\/\/cultura.sma.gob.ar\/index.php?rest_route=\/wp\/v2\/posts\/6700\/revisions"}],"predecessor-version":[{"id":6701,"href":"https:\/\/cultura.sma.gob.ar\/index.php?rest_route=\/wp\/v2\/posts\/6700\/revisions\/6701"}],"wp:featuredmedia":[{"embeddable":true,"href":"https:\/\/cultura.sma.gob.ar\/index.php?rest_route=\/wp\/v2\/media\/297"}],"wp:attachment":[{"href":"https:\/\/cultura.sma.gob.ar\/index.php?rest_route=%2Fwp%2Fv2%2Fmedia&parent=6700"}],"wp:term":[{"taxonomy":"category","embeddable":true,"href":"https:\/\/cultura.sma.gob.ar\/index.php?rest_route=%2Fwp%2Fv2%2Fcategories&post=6700"},{"taxonomy":"post_tag","embeddable":true,"href":"https:\/\/cultura.sma.gob.ar\/index.php?rest_route=%2Fwp%2Fv2%2Ftags&post=6700"}],"curies":[{"name":"wp","href":"https:\/\/api.w.org\/{rel}","templated":true}]}}