{"id":6689,"date":"2025-09-15T09:45:15","date_gmt":"2025-09-15T12:45:15","guid":{"rendered":"https:\/\/cultura.sma.gob.ar\/?p=6689"},"modified":"2025-09-18T13:14:12","modified_gmt":"2025-09-18T16:14:12","slug":"nuevos-creditos-para-industrias-culturales","status":"publish","type":"post","link":"https:\/\/cultura.sma.gob.ar\/?p=6689","title":{"rendered":"Nuevos cr\u00e9ditos para industrias culturales"},"content":{"rendered":"\n<p>Destinados a personas o entidades jur\u00eddicas que desarrollen sus emprendimientos de servicios culturales en la Provincia del Neuqu\u00e9n, para contribuir al desarrollo del sector de la industria cultural mediante el financiamiento de proyectos presentados.<\/p>\n\n\n\n<p>Actividades: Artes cinematogr\u00e1ficas, audiovisuales, esc\u00e9nicas, musicales y sonoras, literarias, narrativas y producci\u00f3n editorial, gr\u00e1ficas, ilustraci\u00f3n, artesan\u00edas.<\/p>\n\n\n\n<p><strong>L\u00edneas de cr\u00e9ditos de hasta $30.000.000<\/strong><\/p>\n\n\n\n<p>Los proyectos presentados ser\u00e1n evaluados por el equipo t\u00e9cnico de IADEP, quien otorgar\u00e1 un aval t\u00e9cnico que validar\u00e1 la pertinencia de las inversiones propuestas. Respecto del proyecto presentado, se analizar\u00e1 la capacidad de generar ingresos futuros para el repago del cr\u00e9dito.<\/p>\n\n\n\n<p><strong>\u00bfD\u00f3nde gestionar la l\u00ednea?<\/strong><br>Subsecretar\u00eda de Cultura<br>Direcci\u00f3n: H. Yrigoyen N\u00b0656, Neuqu\u00e9n Capital<br>+54 9 2994 131059<\/p>\n\n\n\n<p><a href=\"https:\/\/drive.google.com\/file\/d\/1GCTg5O1l22OvmPPMduOHcZnA-8omUqu5\/view?usp=sharing\">CONSULT\u00c1 M\u00c1S INFORMACI\u00d3N AQU\u00cd<\/a><\/p>\n","protected":false},"excerpt":{"rendered":"<p>Destinados a personas o entidades jur\u00eddicas que desarrollen sus emprendimientos de servicios culturales en la Provincia del Neuqu\u00e9n, para contribuir al desarrollo del sector de la industria cultural mediante el financiamiento de proyectos presentados. Actividades: Artes cinematogr\u00e1ficas, audiovisuales, esc\u00e9nicas, musicales y sonoras, literarias, narrativas y producci\u00f3n editorial, gr\u00e1ficas, ilustraci\u00f3n, artesan\u00edas. L\u00edneas de cr\u00e9ditos de hasta $30.000.000 Los proyectos presentados ser\u00e1n evaluados por el equipo t\u00e9cnico &hellip; <a href=\"https:\/\/cultura.sma.gob.ar\/?p=6689\" class=\"more-link\">Continue reading <span class=\"screen-reader-text\">Nuevos cr\u00e9ditos para industrias culturales<\/span><\/a><\/p>\n","protected":false},"author":3,"featured_media":296,"comment_status":"closed","ping_status":"","sticky":false,"template":"","format":"image","meta":{"footnotes":""},"categories":[9],"tags":[],"class_list":["post-6689","post","type-post","status-publish","format-image","has-post-thumbnail","hentry","category-ultimas-noticias","post_format-post-format-image"],"_links":{"self":[{"href":"https:\/\/cultura.sma.gob.ar\/index.php?rest_route=\/wp\/v2\/posts\/6689","targetHints":{"allow":["GET"]}}],"collection":[{"href":"https:\/\/cultura.sma.gob.ar\/index.php?rest_route=\/wp\/v2\/posts"}],"about":[{"href":"https:\/\/cultura.sma.gob.ar\/index.php?rest_route=\/wp\/v2\/types\/post"}],"author":[{"embeddable":true,"href":"https:\/\/cultura.sma.gob.ar\/index.php?rest_route=\/wp\/v2\/users\/3"}],"replies":[{"embeddable":true,"href":"https:\/\/cultura.sma.gob.ar\/index.php?rest_route=%2Fwp%2Fv2%2Fcomments&post=6689"}],"version-history":[{"count":3,"href":"https:\/\/cultura.sma.gob.ar\/index.php?rest_route=\/wp\/v2\/posts\/6689\/revisions"}],"predecessor-version":[{"id":6695,"href":"https:\/\/cultura.sma.gob.ar\/index.php?rest_route=\/wp\/v2\/posts\/6689\/revisions\/6695"}],"wp:featuredmedia":[{"embeddable":true,"href":"https:\/\/cultura.sma.gob.ar\/index.php?rest_route=\/wp\/v2\/media\/296"}],"wp:attachment":[{"href":"https:\/\/cultura.sma.gob.ar\/index.php?rest_route=%2Fwp%2Fv2%2Fmedia&parent=6689"}],"wp:term":[{"taxonomy":"category","embeddable":true,"href":"https:\/\/cultura.sma.gob.ar\/index.php?rest_route=%2Fwp%2Fv2%2Fcategories&post=6689"},{"taxonomy":"post_tag","embeddable":true,"href":"https:\/\/cultura.sma.gob.ar\/index.php?rest_route=%2Fwp%2Fv2%2Ftags&post=6689"}],"curies":[{"name":"wp","href":"https:\/\/api.w.org\/{rel}","templated":true}]}}