{"id":6683,"date":"2025-09-15T09:31:29","date_gmt":"2025-09-15T12:31:29","guid":{"rendered":"https:\/\/cultura.sma.gob.ar\/?p=6683"},"modified":"2025-09-15T09:31:29","modified_gmt":"2025-09-15T12:31:29","slug":"abre-concurso-para-profesor-de-clarinete-en-la-orquesta-escuela-de-los-andes","status":"publish","type":"post","link":"https:\/\/cultura.sma.gob.ar\/?p=6683","title":{"rendered":"Abre concurso para profesor de clarinete en la Orquesta Escuela de los Andes"},"content":{"rendered":"\n<p>Concurso para cubrir cargo en la Orquesta Escuela de los Andes,\u00a0de la Municipalidad de San Mart\u00edn de los Andes<\/p>\n\n\n\n<ol class=\"wp-block-list\">\n<li><strong>Profesor\/a de Clarinete (Profesor\/a de instrumento)\u00a0<\/strong><\/li>\n<\/ol>\n\n\n\n<p>Carga horaria: 15 hs. c\u00e1tedra semanales<\/p>\n\n\n\n<p><strong>CONSIDERACIONES:<\/strong><\/p>\n\n\n\n<ul class=\"wp-block-list\">\n<li>Se valorar\u00e1 a las personas que hayan tenido alg\u00fan tipo de\u00a0 recorrido en alguna orquesta escuela, ya sea como instrumentistas o docentes.<\/li>\n\n\n\n<li>Se priorizar\u00e1 a los j\u00f3venes que hayan realizado su trayecto de formaci\u00f3n en la Orquesta Escuela de los Andes, ya que forma parte de los objetivos del proyecto la multiplicaci\u00f3n de la experiencia con ellas\/os.<\/li>\n\n\n\n<li>El jurado estar\u00e1 integrado por un representante provincial, el equipo docente y un representante de Secretar\u00eda de Cultura de la Municipalidad de San Mart\u00edn de los Andes.<\/li>\n<\/ul>\n\n\n\n<p><strong>PROCEDIMIENTO:<\/strong><\/p>\n\n\n\n<p>El Concurso ser\u00e1 de antecedentes y oposici\u00f3n, y constar\u00e1 de las siguientes instancias:<\/p>\n\n\n\n<ul class=\"wp-block-list\">\n<li>Presentaci\u00f3n de antecedentes y curriculum vitae en la Secretar\u00eda de Cultura (Drury 665), o por mail <a href=\"mailto:educacion.sma2023@gmail.com\">educacion.sma2023@gmail.com<\/a>, desde 15 al 28 de septiembre de 2025.\u00a0<\/li>\n\n\n\n<li>Audici\u00f3n del o la postulante tocando una obra en el instrumento.<\/li>\n\n\n\n<li>Una clase corta con j\u00f3venes o ni\u00f1os\/as participantes de la orquesta para evaluar el desempe\u00f1o pedag\u00f3gico (20 minutos).<\/li>\n\n\n\n<li>Una entrevista con la comisi\u00f3n evaluadora compuesta por: un representante provincial, el conjunto del equipo docente de la orquesta y un representante de la Secretar\u00eda de Cultura de la Municipalidad de San Mart\u00edn de los Andes, atendiendo a la integridad del proyecto educativo musical y social.<\/li>\n<\/ul>\n","protected":false},"excerpt":{"rendered":"<p>Concurso para cubrir cargo en la Orquesta Escuela de los Andes,\u00a0de la Municipalidad de San Mart\u00edn de los Andes Carga horaria: 15 hs. c\u00e1tedra semanales CONSIDERACIONES: PROCEDIMIENTO: El Concurso ser\u00e1 de antecedentes y oposici\u00f3n, y constar\u00e1 de las siguientes instancias: <a href=\"https:\/\/cultura.sma.gob.ar\/?p=6683\" class=\"more-link\">Continue reading <span class=\"screen-reader-text\">Abre concurso para profesor de clarinete en la Orquesta Escuela de los Andes<\/span><\/a><\/p>\n","protected":false},"author":3,"featured_media":293,"comment_status":"closed","ping_status":"","sticky":false,"template":"","format":"image","meta":{"footnotes":""},"categories":[9],"tags":[],"class_list":["post-6683","post","type-post","status-publish","format-image","has-post-thumbnail","hentry","category-ultimas-noticias","post_format-post-format-image"],"_links":{"self":[{"href":"https:\/\/cultura.sma.gob.ar\/index.php?rest_route=\/wp\/v2\/posts\/6683","targetHints":{"allow":["GET"]}}],"collection":[{"href":"https:\/\/cultura.sma.gob.ar\/index.php?rest_route=\/wp\/v2\/posts"}],"about":[{"href":"https:\/\/cultura.sma.gob.ar\/index.php?rest_route=\/wp\/v2\/types\/post"}],"author":[{"embeddable":true,"href":"https:\/\/cultura.sma.gob.ar\/index.php?rest_route=\/wp\/v2\/users\/3"}],"replies":[{"embeddable":true,"href":"https:\/\/cultura.sma.gob.ar\/index.php?rest_route=%2Fwp%2Fv2%2Fcomments&post=6683"}],"version-history":[{"count":1,"href":"https:\/\/cultura.sma.gob.ar\/index.php?rest_route=\/wp\/v2\/posts\/6683\/revisions"}],"predecessor-version":[{"id":6684,"href":"https:\/\/cultura.sma.gob.ar\/index.php?rest_route=\/wp\/v2\/posts\/6683\/revisions\/6684"}],"wp:featuredmedia":[{"embeddable":true,"href":"https:\/\/cultura.sma.gob.ar\/index.php?rest_route=\/wp\/v2\/media\/293"}],"wp:attachment":[{"href":"https:\/\/cultura.sma.gob.ar\/index.php?rest_route=%2Fwp%2Fv2%2Fmedia&parent=6683"}],"wp:term":[{"taxonomy":"category","embeddable":true,"href":"https:\/\/cultura.sma.gob.ar\/index.php?rest_route=%2Fwp%2Fv2%2Fcategories&post=6683"},{"taxonomy":"post_tag","embeddable":true,"href":"https:\/\/cultura.sma.gob.ar\/index.php?rest_route=%2Fwp%2Fv2%2Ftags&post=6683"}],"curies":[{"name":"wp","href":"https:\/\/api.w.org\/{rel}","templated":true}]}}