{"id":6676,"date":"2025-09-03T19:23:09","date_gmt":"2025-09-03T22:23:09","guid":{"rendered":"https:\/\/cultura.sma.gob.ar\/?p=6676"},"modified":"2025-09-03T19:23:09","modified_gmt":"2025-09-03T22:23:09","slug":"seminario-intensivo-de-curaduria-y-diseno-de-exposiciones-en-la-sala-chapitel","status":"publish","type":"post","link":"https:\/\/cultura.sma.gob.ar\/?p=6676","title":{"rendered":"Seminario intensivo de curadur\u00eda y dise\u00f1o de exposiciones en la Sala Chapitel"},"content":{"rendered":"\n<figure class=\"wp-block-image size-large\"><img loading=\"lazy\" decoding=\"async\" width=\"819\" height=\"1024\" src=\"https:\/\/cultura.sma.gob.ar\/wp-content\/uploads\/2025\/09\/SMA-LC0055-Corredor-Cultural-Sur_4x5-Feed-819x1024.jpg\" alt=\"\" class=\"wp-image-6677\" srcset=\"https:\/\/cultura.sma.gob.ar\/wp-content\/uploads\/2025\/09\/SMA-LC0055-Corredor-Cultural-Sur_4x5-Feed-819x1024.jpg 819w, https:\/\/cultura.sma.gob.ar\/wp-content\/uploads\/2025\/09\/SMA-LC0055-Corredor-Cultural-Sur_4x5-Feed-240x300.jpg 240w, https:\/\/cultura.sma.gob.ar\/wp-content\/uploads\/2025\/09\/SMA-LC0055-Corredor-Cultural-Sur_4x5-Feed-768x960.jpg 768w, https:\/\/cultura.sma.gob.ar\/wp-content\/uploads\/2025\/09\/SMA-LC0055-Corredor-Cultural-Sur_4x5-Feed-1229x1536.jpg 1229w, https:\/\/cultura.sma.gob.ar\/wp-content\/uploads\/2025\/09\/SMA-LC0055-Corredor-Cultural-Sur_4x5-Feed-1639x2048.jpg 1639w, https:\/\/cultura.sma.gob.ar\/wp-content\/uploads\/2025\/09\/SMA-LC0055-Corredor-Cultural-Sur_4x5-Feed-72x90.jpg 72w, https:\/\/cultura.sma.gob.ar\/wp-content\/uploads\/2025\/09\/SMA-LC0055-Corredor-Cultural-Sur_4x5-Feed-scaled.jpg 2048w\" sizes=\"auto, (max-width: 819px) 100vw, 819px\" \/><\/figure>\n\n\n\n<p>La SALA DE EXPOSICIONES LIDAURA CHAPITEL, perteneciente a la Secretar\u00eda de Cultura de San mart\u00edn de los Andes, ser\u00e1 sede del SEMINARIO INTENSIVO DE CURADUR\u00cdA Y DISE\u00d1O DE EXPOSICIONES a cargo de la Lic. Abril Cleve , desde el pr\u00f3ximo 17 de septiembre de 2025.<\/p>\n\n\n\n<p>Esta actividad es una propuesta realizada en el marco del Corredor Cultural Sur que agrupa los municipios de Jun\u00edn de los Andes y Villa La Angostura.<\/p>\n\n\n\n<p>Seminario intensivo de formaci\u00f3n en Curadur\u00eda y Dise\u00f1o de Exposiciones<\/p>\n\n\n\n<p>Coordinado por Lic. Abril Cleve<\/p>\n\n\n\n<p>17 y 18 de septiembre de 2025, 17 hs<\/p>\n\n\n\n<p>Duraci\u00f3n: 2 jornadas de 3 horas cada una<\/p>\n\n\n\n<p>Destinatarios trabajadores\/as de museos y espacios art\u00edsticos, artistas visuales, hacedores culturales y p\u00fablico en general<\/p>\n\n\n\n<p>Entrada abierta y gratuita con previa inscripci\u00f3n a trav\u00e9s del correo&nbsp;<a href=\"mailto:salamunicipal.chapitel@gmail.com\" target=\"_blank\" rel=\"noreferrer noopener\">salamunicipal.chapitel@gmail.com<\/a><\/p>\n\n\n\n<p>El seminario abre un espacio de formaci\u00f3n y reflexi\u00f3n introductoria en las nociones centrales de la Curadur\u00eda y el Dise\u00f1o de Exposiciones, con el objetivo de potenciar las acciones del Corredor Cultural Sur. En ese marco, est\u00e1 destinado a trabajadores\/as de museos y espacios art\u00edsticos, artistas y p\u00fablico en general de la regi\u00f3n.<\/p>\n\n\n\n<p>Mar\u00eda Abril Cleve: Es licenciada y profesora en Historia de las Artes con Orientaci\u00f3n en Artes Visuales por la Universidad Nacional de La Plata. Se desempe\u00f1a como docente en el nivel medio y terciario en la ciudad de Neuqu\u00e9n, y en el nivel universitario en la Universidad Nacional de R\u00edo Negro (UNRN). Actualmente, dirige la 2da Cohorte de la Diplomatura de Extensi\u00f3n en Curadur\u00eda y Museos de la UNRN.<\/p>\n","protected":false},"excerpt":{"rendered":"<p>La SALA DE EXPOSICIONES LIDAURA CHAPITEL, perteneciente a la Secretar\u00eda de Cultura de San mart\u00edn de los Andes, ser\u00e1 sede del SEMINARIO INTENSIVO DE CURADUR\u00cdA Y DISE\u00d1O DE EXPOSICIONES a cargo de la Lic. Abril Cleve , desde el pr\u00f3ximo 17 de septiembre de 2025. Esta actividad es una propuesta realizada en el marco del Corredor Cultural Sur que agrupa los municipios de Jun\u00edn de &hellip; <a href=\"https:\/\/cultura.sma.gob.ar\/?p=6676\" class=\"more-link\">Continue reading <span class=\"screen-reader-text\">Seminario intensivo de curadur\u00eda y dise\u00f1o de exposiciones en la Sala Chapitel<\/span><\/a><\/p>\n","protected":false},"author":3,"featured_media":295,"comment_status":"closed","ping_status":"","sticky":false,"template":"","format":"image","meta":{"footnotes":""},"categories":[6,9],"tags":[],"class_list":["post-6676","post","type-post","status-publish","format-image","has-post-thumbnail","hentry","category-sala-lidaura-chapitel","category-ultimas-noticias","post_format-post-format-image"],"_links":{"self":[{"href":"https:\/\/cultura.sma.gob.ar\/index.php?rest_route=\/wp\/v2\/posts\/6676","targetHints":{"allow":["GET"]}}],"collection":[{"href":"https:\/\/cultura.sma.gob.ar\/index.php?rest_route=\/wp\/v2\/posts"}],"about":[{"href":"https:\/\/cultura.sma.gob.ar\/index.php?rest_route=\/wp\/v2\/types\/post"}],"author":[{"embeddable":true,"href":"https:\/\/cultura.sma.gob.ar\/index.php?rest_route=\/wp\/v2\/users\/3"}],"replies":[{"embeddable":true,"href":"https:\/\/cultura.sma.gob.ar\/index.php?rest_route=%2Fwp%2Fv2%2Fcomments&post=6676"}],"version-history":[{"count":1,"href":"https:\/\/cultura.sma.gob.ar\/index.php?rest_route=\/wp\/v2\/posts\/6676\/revisions"}],"predecessor-version":[{"id":6678,"href":"https:\/\/cultura.sma.gob.ar\/index.php?rest_route=\/wp\/v2\/posts\/6676\/revisions\/6678"}],"wp:featuredmedia":[{"embeddable":true,"href":"https:\/\/cultura.sma.gob.ar\/index.php?rest_route=\/wp\/v2\/media\/295"}],"wp:attachment":[{"href":"https:\/\/cultura.sma.gob.ar\/index.php?rest_route=%2Fwp%2Fv2%2Fmedia&parent=6676"}],"wp:term":[{"taxonomy":"category","embeddable":true,"href":"https:\/\/cultura.sma.gob.ar\/index.php?rest_route=%2Fwp%2Fv2%2Fcategories&post=6676"},{"taxonomy":"post_tag","embeddable":true,"href":"https:\/\/cultura.sma.gob.ar\/index.php?rest_route=%2Fwp%2Fv2%2Ftags&post=6676"}],"curies":[{"name":"wp","href":"https:\/\/api.w.org\/{rel}","templated":true}]}}