{"id":6664,"date":"2025-08-22T12:20:00","date_gmt":"2025-08-22T15:20:00","guid":{"rendered":"https:\/\/cultura.sma.gob.ar\/?p=6664"},"modified":"2025-08-22T12:20:00","modified_gmt":"2025-08-22T15:20:00","slug":"benigar-teatro-san-jose-presenta","status":"publish","type":"post","link":"https:\/\/cultura.sma.gob.ar\/?p=6664","title":{"rendered":"BENIGAR \u2013 Teatro San Jos\u00e9 Presenta"},"content":{"rendered":"\n<figure class=\"wp-block-image size-large\"><img loading=\"lazy\" decoding=\"async\" width=\"819\" height=\"1024\" src=\"https:\/\/cultura.sma.gob.ar\/wp-content\/uploads\/2025\/08\/SMA-TJ0025-Programa-Teatro-Presenta-2025-RRSS_4x5-819x1024.jpg\" alt=\"\" class=\"wp-image-6665\" srcset=\"https:\/\/cultura.sma.gob.ar\/wp-content\/uploads\/2025\/08\/SMA-TJ0025-Programa-Teatro-Presenta-2025-RRSS_4x5-819x1024.jpg 819w, https:\/\/cultura.sma.gob.ar\/wp-content\/uploads\/2025\/08\/SMA-TJ0025-Programa-Teatro-Presenta-2025-RRSS_4x5-240x300.jpg 240w, https:\/\/cultura.sma.gob.ar\/wp-content\/uploads\/2025\/08\/SMA-TJ0025-Programa-Teatro-Presenta-2025-RRSS_4x5-768x960.jpg 768w, https:\/\/cultura.sma.gob.ar\/wp-content\/uploads\/2025\/08\/SMA-TJ0025-Programa-Teatro-Presenta-2025-RRSS_4x5-1229x1536.jpg 1229w, https:\/\/cultura.sma.gob.ar\/wp-content\/uploads\/2025\/08\/SMA-TJ0025-Programa-Teatro-Presenta-2025-RRSS_4x5-1639x2048.jpg 1639w, https:\/\/cultura.sma.gob.ar\/wp-content\/uploads\/2025\/08\/SMA-TJ0025-Programa-Teatro-Presenta-2025-RRSS_4x5-72x90.jpg 72w, https:\/\/cultura.sma.gob.ar\/wp-content\/uploads\/2025\/08\/SMA-TJ0025-Programa-Teatro-Presenta-2025-RRSS_4x5-scaled.jpg 2048w\" sizes=\"auto, (max-width: 819px) 100vw, 819px\" \/><\/figure>\n\n\n\n<p>Obra de Alumin\u00e9 que fusiona teatro, m\u00fasica electr\u00f3nica y poes\u00eda esc\u00e9nica.<\/p>\n\n\n\n<p><strong>\u00a0S\u00e1bado 30 de agosto \u2013 21 hs<\/strong><br><strong>\u00a0Teatro San Jos\u00e9 \u2013 San Mart\u00edn de los Andes<\/strong><br><strong>\u00a0Entradas: $2000<\/strong> (En venta en el Teatro San Jos\u00e9 \u2013 lunes a viernes de 8 a 19 hs)<\/p>\n\n\n\n<p><strong>Actuaci\u00f3n:<\/strong>&nbsp;Mal\u00e9n Meazza<br><strong>M\u00fasica en escena:<\/strong>&nbsp;Claudio Inferno<br><strong>Creaci\u00f3n:<\/strong>&nbsp;Mal\u00e9n Meazza y Claudio Inferno \u2013 Adaptaci\u00f3n de la obra de Alejandro Finzi<\/p>\n","protected":false},"excerpt":{"rendered":"<p>Obra de Alumin\u00e9 que fusiona teatro, m\u00fasica electr\u00f3nica y poes\u00eda esc\u00e9nica. \u00a0S\u00e1bado 30 de agosto \u2013 21 hs\u00a0Teatro San Jos\u00e9 \u2013 San Mart\u00edn de los Andes\u00a0Entradas: $2000 (En venta en el Teatro San Jos\u00e9 \u2013 lunes a viernes de 8 a 19 hs) Actuaci\u00f3n:&nbsp;Mal\u00e9n MeazzaM\u00fasica en escena:&nbsp;Claudio InfernoCreaci\u00f3n:&nbsp;Mal\u00e9n Meazza y Claudio Inferno \u2013 Adaptaci\u00f3n de la obra de Alejandro Finzi <a href=\"https:\/\/cultura.sma.gob.ar\/?p=6664\" class=\"more-link\">Continue reading <span class=\"screen-reader-text\">BENIGAR \u2013 Teatro San Jos\u00e9 Presenta<\/span><\/a><\/p>\n","protected":false},"author":3,"featured_media":292,"comment_status":"closed","ping_status":"","sticky":false,"template":"","format":"image","meta":{"footnotes":""},"categories":[8],"tags":[],"class_list":["post-6664","post","type-post","status-publish","format-image","has-post-thumbnail","hentry","category-teatro-san-jose","post_format-post-format-image"],"_links":{"self":[{"href":"https:\/\/cultura.sma.gob.ar\/index.php?rest_route=\/wp\/v2\/posts\/6664","targetHints":{"allow":["GET"]}}],"collection":[{"href":"https:\/\/cultura.sma.gob.ar\/index.php?rest_route=\/wp\/v2\/posts"}],"about":[{"href":"https:\/\/cultura.sma.gob.ar\/index.php?rest_route=\/wp\/v2\/types\/post"}],"author":[{"embeddable":true,"href":"https:\/\/cultura.sma.gob.ar\/index.php?rest_route=\/wp\/v2\/users\/3"}],"replies":[{"embeddable":true,"href":"https:\/\/cultura.sma.gob.ar\/index.php?rest_route=%2Fwp%2Fv2%2Fcomments&post=6664"}],"version-history":[{"count":1,"href":"https:\/\/cultura.sma.gob.ar\/index.php?rest_route=\/wp\/v2\/posts\/6664\/revisions"}],"predecessor-version":[{"id":6666,"href":"https:\/\/cultura.sma.gob.ar\/index.php?rest_route=\/wp\/v2\/posts\/6664\/revisions\/6666"}],"wp:featuredmedia":[{"embeddable":true,"href":"https:\/\/cultura.sma.gob.ar\/index.php?rest_route=\/wp\/v2\/media\/292"}],"wp:attachment":[{"href":"https:\/\/cultura.sma.gob.ar\/index.php?rest_route=%2Fwp%2Fv2%2Fmedia&parent=6664"}],"wp:term":[{"taxonomy":"category","embeddable":true,"href":"https:\/\/cultura.sma.gob.ar\/index.php?rest_route=%2Fwp%2Fv2%2Fcategories&post=6664"},{"taxonomy":"post_tag","embeddable":true,"href":"https:\/\/cultura.sma.gob.ar\/index.php?rest_route=%2Fwp%2Fv2%2Ftags&post=6664"}],"curies":[{"name":"wp","href":"https:\/\/api.w.org\/{rel}","templated":true}]}}