{"id":6660,"date":"2025-08-20T17:15:59","date_gmt":"2025-08-20T20:15:59","guid":{"rendered":"https:\/\/cultura.sma.gob.ar\/?p=6660"},"modified":"2025-08-20T17:15:59","modified_gmt":"2025-08-20T20:15:59","slug":"expo-20-aniversario-de-la-sala-lidaura-chapitel","status":"publish","type":"post","link":"https:\/\/cultura.sma.gob.ar\/?p=6660","title":{"rendered":"Expo 20\u00b0 aniversario de la Sala Lidaura Chapitel"},"content":{"rendered":"\n<figure class=\"wp-block-image size-large\"><img loading=\"lazy\" decoding=\"async\" width=\"576\" height=\"1024\" src=\"https:\/\/cultura.sma.gob.ar\/wp-content\/uploads\/2025\/08\/SMA-LC0053-Expo-20o-Aniversario-Sala-RRSS_9x16-Historia-1-576x1024.jpg\" alt=\"\" class=\"wp-image-6661\" srcset=\"https:\/\/cultura.sma.gob.ar\/wp-content\/uploads\/2025\/08\/SMA-LC0053-Expo-20o-Aniversario-Sala-RRSS_9x16-Historia-1-576x1024.jpg 576w, https:\/\/cultura.sma.gob.ar\/wp-content\/uploads\/2025\/08\/SMA-LC0053-Expo-20o-Aniversario-Sala-RRSS_9x16-Historia-1-169x300.jpg 169w, https:\/\/cultura.sma.gob.ar\/wp-content\/uploads\/2025\/08\/SMA-LC0053-Expo-20o-Aniversario-Sala-RRSS_9x16-Historia-1-768x1365.jpg 768w, https:\/\/cultura.sma.gob.ar\/wp-content\/uploads\/2025\/08\/SMA-LC0053-Expo-20o-Aniversario-Sala-RRSS_9x16-Historia-1-864x1536.jpg 864w, https:\/\/cultura.sma.gob.ar\/wp-content\/uploads\/2025\/08\/SMA-LC0053-Expo-20o-Aniversario-Sala-RRSS_9x16-Historia-1-1152x2048.jpg 1152w, https:\/\/cultura.sma.gob.ar\/wp-content\/uploads\/2025\/08\/SMA-LC0053-Expo-20o-Aniversario-Sala-RRSS_9x16-Historia-1-51x90.jpg 51w, https:\/\/cultura.sma.gob.ar\/wp-content\/uploads\/2025\/08\/SMA-LC0053-Expo-20o-Aniversario-Sala-RRSS_9x16-Historia-1-scaled.jpg 1440w\" sizes=\"auto, (max-width: 576px) 100vw, 576px\" \/><\/figure>\n\n\n\n<p>Se viene el 20\u00ba aniversario de la\u00a0<a href=\"https:\/\/www.instagram.com\/explore\/tags\/salalidaurachapitel\/?hl=es\">#salalidaurachapitel<\/a>\u00a0&#8211; Veinte a\u00f1os, cinco artistas!!<\/p>\n\n\n\n<p>\ud83d\udcc5 La inauguraci\u00f3n de esta exposici\u00f3n tendr\u00e1 lugar este VIERNES 22 de agosto, a las 20hs!!<\/p>\n\n\n\n<p>\ud83c\udfabEntrada libre y gratuita.<\/p>\n\n\n\n<p>Este evento tan especial re\u00fane a cinco artistas locales, que han fortalecido la historia de nuestra sala como espacio de exposiciones.<\/p>\n\n\n\n<p>Fueron seleccionados a partir de propuestas presentadas por todas las personas y funcionarios que participaron de la gesti\u00f3n de la sala en estos veinte a\u00f1os.<\/p>\n\n\n\n<p>\u00a1Los esperamos!<\/p>\n","protected":false},"excerpt":{"rendered":"<p>Se viene el 20\u00ba aniversario de la\u00a0#salalidaurachapitel\u00a0&#8211; Veinte a\u00f1os, cinco artistas!! \ud83d\udcc5 La inauguraci\u00f3n de esta exposici\u00f3n tendr\u00e1 lugar este VIERNES 22 de agosto, a las 20hs!! \ud83c\udfabEntrada libre y gratuita. Este evento tan especial re\u00fane a cinco artistas locales, que han fortalecido la historia de nuestra sala como espacio de exposiciones. Fueron seleccionados a partir de propuestas presentadas por todas las personas y funcionarios &hellip; <a href=\"https:\/\/cultura.sma.gob.ar\/?p=6660\" class=\"more-link\">Continue reading <span class=\"screen-reader-text\">Expo 20\u00b0 aniversario de la Sala Lidaura Chapitel<\/span><\/a><\/p>\n","protected":false},"author":3,"featured_media":295,"comment_status":"closed","ping_status":"","sticky":false,"template":"","format":"image","meta":{"footnotes":""},"categories":[6],"tags":[],"class_list":["post-6660","post","type-post","status-publish","format-image","has-post-thumbnail","hentry","category-sala-lidaura-chapitel","post_format-post-format-image"],"_links":{"self":[{"href":"https:\/\/cultura.sma.gob.ar\/index.php?rest_route=\/wp\/v2\/posts\/6660","targetHints":{"allow":["GET"]}}],"collection":[{"href":"https:\/\/cultura.sma.gob.ar\/index.php?rest_route=\/wp\/v2\/posts"}],"about":[{"href":"https:\/\/cultura.sma.gob.ar\/index.php?rest_route=\/wp\/v2\/types\/post"}],"author":[{"embeddable":true,"href":"https:\/\/cultura.sma.gob.ar\/index.php?rest_route=\/wp\/v2\/users\/3"}],"replies":[{"embeddable":true,"href":"https:\/\/cultura.sma.gob.ar\/index.php?rest_route=%2Fwp%2Fv2%2Fcomments&post=6660"}],"version-history":[{"count":1,"href":"https:\/\/cultura.sma.gob.ar\/index.php?rest_route=\/wp\/v2\/posts\/6660\/revisions"}],"predecessor-version":[{"id":6662,"href":"https:\/\/cultura.sma.gob.ar\/index.php?rest_route=\/wp\/v2\/posts\/6660\/revisions\/6662"}],"wp:featuredmedia":[{"embeddable":true,"href":"https:\/\/cultura.sma.gob.ar\/index.php?rest_route=\/wp\/v2\/media\/295"}],"wp:attachment":[{"href":"https:\/\/cultura.sma.gob.ar\/index.php?rest_route=%2Fwp%2Fv2%2Fmedia&parent=6660"}],"wp:term":[{"taxonomy":"category","embeddable":true,"href":"https:\/\/cultura.sma.gob.ar\/index.php?rest_route=%2Fwp%2Fv2%2Fcategories&post=6660"},{"taxonomy":"post_tag","embeddable":true,"href":"https:\/\/cultura.sma.gob.ar\/index.php?rest_route=%2Fwp%2Fv2%2Ftags&post=6660"}],"curies":[{"name":"wp","href":"https:\/\/api.w.org\/{rel}","templated":true}]}}