{"id":6657,"date":"2025-08-20T17:10:01","date_gmt":"2025-08-20T20:10:01","guid":{"rendered":"https:\/\/cultura.sma.gob.ar\/?p=6657"},"modified":"2025-08-20T17:10:01","modified_gmt":"2025-08-20T20:10:01","slug":"44-fiesta-nacional-del-montanes","status":"publish","type":"post","link":"https:\/\/cultura.sma.gob.ar\/?p=6657","title":{"rendered":"44\u00b0 Fiesta Nacional del Monta\u00f1\u00e9s"},"content":{"rendered":"\n<figure class=\"wp-block-image size-full\"><img loading=\"lazy\" decoding=\"async\" width=\"437\" height=\"549\" src=\"https:\/\/cultura.sma.gob.ar\/wp-content\/uploads\/2025\/08\/Screenshot-2025-08-20-5.08.13-PM.png\" alt=\"\" class=\"wp-image-6658\" srcset=\"https:\/\/cultura.sma.gob.ar\/wp-content\/uploads\/2025\/08\/Screenshot-2025-08-20-5.08.13-PM.png 437w, https:\/\/cultura.sma.gob.ar\/wp-content\/uploads\/2025\/08\/Screenshot-2025-08-20-5.08.13-PM-239x300.png 239w, https:\/\/cultura.sma.gob.ar\/wp-content\/uploads\/2025\/08\/Screenshot-2025-08-20-5.08.13-PM-72x90.png 72w\" sizes=\"auto, (max-width: 437px) 100vw, 437px\" \/><\/figure>\n\n\n\n<p>YA POD\u00c9S AGENDAR EL CRONOGRAMA DE ACTIVIDADES de la 44\u00aa Fiesta Nacional del Monta\u00f1\u00e9s.<\/p>\n\n\n\n<p>Este&nbsp;<a href=\"https:\/\/www.instagram.com\/explore\/tags\/domingo\/?hl=es\">#domingo<\/a>&nbsp;desde las 13hs se podr\u00e1 disfrutar del CONCURSO DE HACHEROS. A las 18h se dar\u00e1 paso al DESFILE DEL MONTA\u00d1\u00c9S y a las 19hs se har\u00e1 el GRAN SORTEO de la Toyota Yaris.<\/p>\n","protected":false},"excerpt":{"rendered":"<p>YA POD\u00c9S AGENDAR EL CRONOGRAMA DE ACTIVIDADES de la 44\u00aa Fiesta Nacional del Monta\u00f1\u00e9s. Este&nbsp;#domingo&nbsp;desde las 13hs se podr\u00e1 disfrutar del CONCURSO DE HACHEROS. A las 18h se dar\u00e1 paso al DESFILE DEL MONTA\u00d1\u00c9S y a las 19hs se har\u00e1 el GRAN SORTEO de la Toyota Yaris. <a href=\"https:\/\/cultura.sma.gob.ar\/?p=6657\" class=\"more-link\">Continue reading <span class=\"screen-reader-text\">44\u00b0 Fiesta Nacional del Monta\u00f1\u00e9s<\/span><\/a><\/p>\n","protected":false},"author":3,"featured_media":296,"comment_status":"closed","ping_status":"","sticky":false,"template":"","format":"image","meta":{"footnotes":""},"categories":[3],"tags":[],"class_list":["post-6657","post","type-post","status-publish","format-image","has-post-thumbnail","hentry","category-eventos-cultura","post_format-post-format-image"],"_links":{"self":[{"href":"https:\/\/cultura.sma.gob.ar\/index.php?rest_route=\/wp\/v2\/posts\/6657","targetHints":{"allow":["GET"]}}],"collection":[{"href":"https:\/\/cultura.sma.gob.ar\/index.php?rest_route=\/wp\/v2\/posts"}],"about":[{"href":"https:\/\/cultura.sma.gob.ar\/index.php?rest_route=\/wp\/v2\/types\/post"}],"author":[{"embeddable":true,"href":"https:\/\/cultura.sma.gob.ar\/index.php?rest_route=\/wp\/v2\/users\/3"}],"replies":[{"embeddable":true,"href":"https:\/\/cultura.sma.gob.ar\/index.php?rest_route=%2Fwp%2Fv2%2Fcomments&post=6657"}],"version-history":[{"count":1,"href":"https:\/\/cultura.sma.gob.ar\/index.php?rest_route=\/wp\/v2\/posts\/6657\/revisions"}],"predecessor-version":[{"id":6659,"href":"https:\/\/cultura.sma.gob.ar\/index.php?rest_route=\/wp\/v2\/posts\/6657\/revisions\/6659"}],"wp:featuredmedia":[{"embeddable":true,"href":"https:\/\/cultura.sma.gob.ar\/index.php?rest_route=\/wp\/v2\/media\/296"}],"wp:attachment":[{"href":"https:\/\/cultura.sma.gob.ar\/index.php?rest_route=%2Fwp%2Fv2%2Fmedia&parent=6657"}],"wp:term":[{"taxonomy":"category","embeddable":true,"href":"https:\/\/cultura.sma.gob.ar\/index.php?rest_route=%2Fwp%2Fv2%2Fcategories&post=6657"},{"taxonomy":"post_tag","embeddable":true,"href":"https:\/\/cultura.sma.gob.ar\/index.php?rest_route=%2Fwp%2Fv2%2Ftags&post=6657"}],"curies":[{"name":"wp","href":"https:\/\/api.w.org\/{rel}","templated":true}]}}