{"id":6639,"date":"2025-08-08T12:05:24","date_gmt":"2025-08-08T15:05:24","guid":{"rendered":"https:\/\/cultura.sma.gob.ar\/?p=6639"},"modified":"2025-08-08T12:05:24","modified_gmt":"2025-08-08T15:05:24","slug":"convocatoria-a-participar-del-desfile-del-montanes","status":"publish","type":"post","link":"https:\/\/cultura.sma.gob.ar\/?p=6639","title":{"rendered":"Convocatoria a participar del Desfile del Monta\u00f1\u00e9s"},"content":{"rendered":"\n<p>La Secretar\u00eda de Cultura de San Mart\u00edn de los Andes invita a clubes, asociaciones e instituciones relacionadas a actividades de monta\u00f1a a participar del Desfile del Monta\u00f1\u00e9s, que tendr\u00e1 lugar el domingo 24 de agosto, a partir de las 18.00hs, sobre la Avenida San Mart\u00edn.&nbsp;<\/p>\n\n\n\n<figure class=\"wp-block-image size-large\"><img loading=\"lazy\" decoding=\"async\" width=\"1024\" height=\"684\" src=\"https:\/\/cultura.sma.gob.ar\/wp-content\/uploads\/2025\/08\/MONTANESWEB_LEO-248-1024x684.jpg\" alt=\"\" class=\"wp-image-6640\" srcset=\"https:\/\/cultura.sma.gob.ar\/wp-content\/uploads\/2025\/08\/MONTANESWEB_LEO-248-1024x684.jpg 1024w, https:\/\/cultura.sma.gob.ar\/wp-content\/uploads\/2025\/08\/MONTANESWEB_LEO-248-300x200.jpg 300w, https:\/\/cultura.sma.gob.ar\/wp-content\/uploads\/2025\/08\/MONTANESWEB_LEO-248-768x513.jpg 768w, https:\/\/cultura.sma.gob.ar\/wp-content\/uploads\/2025\/08\/MONTANESWEB_LEO-248-1536x1026.jpg 1536w, https:\/\/cultura.sma.gob.ar\/wp-content\/uploads\/2025\/08\/MONTANESWEB_LEO-248-135x90.jpg 135w, https:\/\/cultura.sma.gob.ar\/wp-content\/uploads\/2025\/08\/MONTANESWEB_LEO-248.jpg 1920w\" sizes=\"auto, (max-width: 1024px) 100vw, 1024px\" \/><\/figure>\n\n\n\n<p>Este tradicional desfile, que despu\u00e9s de muchos a\u00f1os volvi\u00f3 a realizarse el a\u00f1o pasado, ser\u00e1 nuevamente parte de la programaci\u00f3n de la Fiesta Nacional del Monta\u00f1\u00e9s, en esta 44\u00aa edici\u00f3n.<\/p>\n\n\n\n<p>Las inscripciones al desfile se realizan hasta el d\u00eda 19 de agosto, a trav\u00e9s del siguiente formulario: <a href=\"https:\/\/forms.gle\/Pv6he4k9cbuRahJ97\">https:\/\/forms.gle\/Pv6he4k9cbuRahJ97<\/a>&nbsp;<\/p>\n","protected":false},"excerpt":{"rendered":"<p>La Secretar\u00eda de Cultura de San Mart\u00edn de los Andes invita a clubes, asociaciones e instituciones relacionadas a actividades de monta\u00f1a a participar del Desfile del Monta\u00f1\u00e9s, que tendr\u00e1 lugar el domingo 24 de agosto, a partir de las 18.00hs, sobre la Avenida San Mart\u00edn.&nbsp; Este tradicional desfile, que despu\u00e9s de muchos a\u00f1os volvi\u00f3 a realizarse el a\u00f1o pasado, ser\u00e1 nuevamente parte de la programaci\u00f3n &hellip; <a href=\"https:\/\/cultura.sma.gob.ar\/?p=6639\" class=\"more-link\">Continue reading <span class=\"screen-reader-text\">Convocatoria a participar del Desfile del Monta\u00f1\u00e9s<\/span><\/a><\/p>\n","protected":false},"author":3,"featured_media":296,"comment_status":"closed","ping_status":"","sticky":false,"template":"","format":"image","meta":{"footnotes":""},"categories":[3],"tags":[],"class_list":["post-6639","post","type-post","status-publish","format-image","has-post-thumbnail","hentry","category-eventos-cultura","post_format-post-format-image"],"_links":{"self":[{"href":"https:\/\/cultura.sma.gob.ar\/index.php?rest_route=\/wp\/v2\/posts\/6639","targetHints":{"allow":["GET"]}}],"collection":[{"href":"https:\/\/cultura.sma.gob.ar\/index.php?rest_route=\/wp\/v2\/posts"}],"about":[{"href":"https:\/\/cultura.sma.gob.ar\/index.php?rest_route=\/wp\/v2\/types\/post"}],"author":[{"embeddable":true,"href":"https:\/\/cultura.sma.gob.ar\/index.php?rest_route=\/wp\/v2\/users\/3"}],"replies":[{"embeddable":true,"href":"https:\/\/cultura.sma.gob.ar\/index.php?rest_route=%2Fwp%2Fv2%2Fcomments&post=6639"}],"version-history":[{"count":1,"href":"https:\/\/cultura.sma.gob.ar\/index.php?rest_route=\/wp\/v2\/posts\/6639\/revisions"}],"predecessor-version":[{"id":6641,"href":"https:\/\/cultura.sma.gob.ar\/index.php?rest_route=\/wp\/v2\/posts\/6639\/revisions\/6641"}],"wp:featuredmedia":[{"embeddable":true,"href":"https:\/\/cultura.sma.gob.ar\/index.php?rest_route=\/wp\/v2\/media\/296"}],"wp:attachment":[{"href":"https:\/\/cultura.sma.gob.ar\/index.php?rest_route=%2Fwp%2Fv2%2Fmedia&parent=6639"}],"wp:term":[{"taxonomy":"category","embeddable":true,"href":"https:\/\/cultura.sma.gob.ar\/index.php?rest_route=%2Fwp%2Fv2%2Fcategories&post=6639"},{"taxonomy":"post_tag","embeddable":true,"href":"https:\/\/cultura.sma.gob.ar\/index.php?rest_route=%2Fwp%2Fv2%2Ftags&post=6639"}],"curies":[{"name":"wp","href":"https:\/\/api.w.org\/{rel}","templated":true}]}}