{"id":6635,"date":"2025-08-04T17:20:50","date_gmt":"2025-08-04T20:20:50","guid":{"rendered":"https:\/\/cultura.sma.gob.ar\/?p=6635"},"modified":"2025-08-04T17:20:50","modified_gmt":"2025-08-04T20:20:50","slug":"abre-un-nuevo-concurso-literario-del-centro-editor-municipal","status":"publish","type":"post","link":"https:\/\/cultura.sma.gob.ar\/?p=6635","title":{"rendered":"ABRE UN NUEVO CONCURSO LITERARIO DEL CENTRO EDITOR MUNICIPAL"},"content":{"rendered":"\n<p>El Centro Editor de San Mart\u00edn de los Andes informa que se encuentra abierta la convocatoria al XVII Concurso Literario 2025 de Cuentos, con tema libre.<\/p>\n\n\n\n<p>El nuevo concurso cuenta con dos con dos categor\u00edas:<br>J\u00f3venes<br>Adultos (+18 a\u00f1os)<\/p>\n\n\n\n<p><strong>Los cuentos se recepcionar\u00e1n hasta el d\u00eda 10 de septiembre de 2025 por correo electr\u00f3nico a: smaconcursocem@gmail.com<\/strong><\/p>\n\n\n\n<p>Para consultar las bases y condiciones <a href=\"https:\/\/drive.google.com\/file\/d\/1aY5eXpU0FptJtpHeEXACdn3tLmVwz5LM\/view?usp=sharing\">hac\u00e9 click ac\u00e1<\/a><\/p>\n\n\n\n<p>Por otro lado, <strong>la Comisi\u00f3n del Centro Editor Municipal informa que el Concurso Literario de Chat Storis fue declarado desierto<\/strong>, debido a que no se recibi\u00f3 la cantidad de trabajos suficientes para la edici\u00f3n del libro. Los escritores que hayan enviado sus trabajos pueden presentarlos a esta nueva convocatoria de cuentos.<\/p>\n\n\n\n<p>Las obras ganadoras y seleccionadas del nuevo concurso tendr\u00e1n como premio la publicaci\u00f3n en una antolog\u00eda impresa.<\/p>\n\n\n\n<p>Los esperamos para leerlos\/as.<\/p>\n\n\n\n<figure class=\"wp-block-image size-large\"><img loading=\"lazy\" decoding=\"async\" width=\"819\" height=\"1024\" src=\"https:\/\/cultura.sma.gob.ar\/wp-content\/uploads\/2025\/08\/WhatsApp-Image-2025-08-04-at-3.03.42-PM-819x1024.jpeg\" alt=\"\" class=\"wp-image-6636\" srcset=\"https:\/\/cultura.sma.gob.ar\/wp-content\/uploads\/2025\/08\/WhatsApp-Image-2025-08-04-at-3.03.42-PM-819x1024.jpeg 819w, https:\/\/cultura.sma.gob.ar\/wp-content\/uploads\/2025\/08\/WhatsApp-Image-2025-08-04-at-3.03.42-PM-240x300.jpeg 240w, https:\/\/cultura.sma.gob.ar\/wp-content\/uploads\/2025\/08\/WhatsApp-Image-2025-08-04-at-3.03.42-PM-768x960.jpeg 768w, https:\/\/cultura.sma.gob.ar\/wp-content\/uploads\/2025\/08\/WhatsApp-Image-2025-08-04-at-3.03.42-PM-1229x1536.jpeg 1229w, https:\/\/cultura.sma.gob.ar\/wp-content\/uploads\/2025\/08\/WhatsApp-Image-2025-08-04-at-3.03.42-PM-72x90.jpeg 72w, https:\/\/cultura.sma.gob.ar\/wp-content\/uploads\/2025\/08\/WhatsApp-Image-2025-08-04-at-3.03.42-PM.jpeg 1280w\" sizes=\"auto, (max-width: 819px) 100vw, 819px\" \/><\/figure>\n","protected":false},"excerpt":{"rendered":"<p>El Centro Editor de San Mart\u00edn de los Andes informa que se encuentra abierta la convocatoria al XVII Concurso Literario 2025 de Cuentos, con tema libre. El nuevo concurso cuenta con dos con dos categor\u00edas:J\u00f3venesAdultos (+18 a\u00f1os) Los cuentos se recepcionar\u00e1n hasta el d\u00eda 10 de septiembre de 2025 por correo electr\u00f3nico a: smaconcursocem@gmail.com Para consultar las bases y condiciones hac\u00e9 click ac\u00e1 Por otro &hellip; <a href=\"https:\/\/cultura.sma.gob.ar\/?p=6635\" class=\"more-link\">Continue reading <span class=\"screen-reader-text\">ABRE UN NUEVO CONCURSO LITERARIO DEL CENTRO EDITOR MUNICIPAL<\/span><\/a><\/p>\n","protected":false},"author":3,"featured_media":293,"comment_status":"closed","ping_status":"","sticky":false,"template":"","format":"image","meta":{"footnotes":""},"categories":[9],"tags":[],"class_list":["post-6635","post","type-post","status-publish","format-image","has-post-thumbnail","hentry","category-ultimas-noticias","post_format-post-format-image"],"_links":{"self":[{"href":"https:\/\/cultura.sma.gob.ar\/index.php?rest_route=\/wp\/v2\/posts\/6635","targetHints":{"allow":["GET"]}}],"collection":[{"href":"https:\/\/cultura.sma.gob.ar\/index.php?rest_route=\/wp\/v2\/posts"}],"about":[{"href":"https:\/\/cultura.sma.gob.ar\/index.php?rest_route=\/wp\/v2\/types\/post"}],"author":[{"embeddable":true,"href":"https:\/\/cultura.sma.gob.ar\/index.php?rest_route=\/wp\/v2\/users\/3"}],"replies":[{"embeddable":true,"href":"https:\/\/cultura.sma.gob.ar\/index.php?rest_route=%2Fwp%2Fv2%2Fcomments&post=6635"}],"version-history":[{"count":1,"href":"https:\/\/cultura.sma.gob.ar\/index.php?rest_route=\/wp\/v2\/posts\/6635\/revisions"}],"predecessor-version":[{"id":6637,"href":"https:\/\/cultura.sma.gob.ar\/index.php?rest_route=\/wp\/v2\/posts\/6635\/revisions\/6637"}],"wp:featuredmedia":[{"embeddable":true,"href":"https:\/\/cultura.sma.gob.ar\/index.php?rest_route=\/wp\/v2\/media\/293"}],"wp:attachment":[{"href":"https:\/\/cultura.sma.gob.ar\/index.php?rest_route=%2Fwp%2Fv2%2Fmedia&parent=6635"}],"wp:term":[{"taxonomy":"category","embeddable":true,"href":"https:\/\/cultura.sma.gob.ar\/index.php?rest_route=%2Fwp%2Fv2%2Fcategories&post=6635"},{"taxonomy":"post_tag","embeddable":true,"href":"https:\/\/cultura.sma.gob.ar\/index.php?rest_route=%2Fwp%2Fv2%2Ftags&post=6635"}],"curies":[{"name":"wp","href":"https:\/\/api.w.org\/{rel}","templated":true}]}}