{"id":6631,"date":"2025-08-04T09:23:52","date_gmt":"2025-08-04T12:23:52","guid":{"rendered":"https:\/\/cultura.sma.gob.ar\/?p=6631"},"modified":"2025-08-04T09:23:52","modified_gmt":"2025-08-04T12:23:52","slug":"concurso-de-hacheros-2025-abrieron-las-inscripciones","status":"publish","type":"post","link":"https:\/\/cultura.sma.gob.ar\/?p=6631","title":{"rendered":"Concurso de Hacheros 2025: abrieron las inscripciones"},"content":{"rendered":"\n<p>Ya est\u00e1n abiertas las inscripciones para el Concurso de Hacheros de la 44\u00aa Fiesta Nacional del Monta\u00f1\u00e9s, que volver\u00e1 a realizarse con sus cinco categor\u00edas de participaci\u00f3n: <em>Hacheros<\/em>, <em>Hacheras<\/em>, <em>Hacheritos<\/em>, <em>Motosierristas<\/em> y <em>Sierra Corvina<\/em>.<\/p>\n\n\n\n<p>El evento se llevar\u00e1 a cabo el domingo 24 de agosto sobre la Avenida San Mart\u00edn, frente a la plaza, para que residentes y turistas puedan disfrutar de este tradicional evento que tanto tiene que ver con los or\u00edgenes madereros de la ciudad y que ya forma parte de nuestra identidad.<\/p>\n\n\n\n<p>Las cinco categor\u00edas de participaci\u00f3n est\u00e1n destinadas a los siguientes competidores:<\/p>\n\n\n\n<p><em>Hacheros<\/em>: varones mayores de 15 a\u00f1os.<\/p>\n\n\n\n<p><em>Hacheras<\/em>: mujeres mayores de 15 a\u00f1os.<\/p>\n\n\n\n<p><em>Hacheritos<\/em>: varones y mujeres de 10 a 14 a\u00f1os.<\/p>\n\n\n\n<p><em>Sierras Corvina<\/em>: varones y mujeres mayores de 15 a\u00f1os.<\/p>\n\n\n\n<p><em>Motosierristas<\/em>: varones y mujeres mayores de 18 a\u00f1os. (Importante: recordar que en esta categor\u00eda se puede participar con motosierras<strong> <\/strong>de motores de <em>2 tiempos<\/em> y de hasta 59 cm 3 de cilindrada<strong>.&nbsp; <\/strong>Y ser\u00e1 obligatorio, como siempre, uso de EQUIPO DE SEGURIDAD, conformado por pernera y protecci\u00f3n visual.<\/p>\n\n\n\n<p>Las inscripciones para todas las categor\u00edas estar\u00e1n abiertas hasta el martes 19 de agosto inclusive. Las personas interesadas podr\u00e1n inscribirse de lunes a viernes, de 8 a 15 hs, en la Secretar\u00eda de Cultura (Cap. Drury 665),&nbsp;presentando DNI. No se inscribir\u00e1 en los d\u00edas feriados.<\/p>\n\n\n\n<p>Los competidores de otras ciudades que deseen inscribirse al concurso deben contactarse por WhatsApp al 0294 4816772.&nbsp;<\/p>\n","protected":false},"excerpt":{"rendered":"<p>Ya est\u00e1n abiertas las inscripciones para el Concurso de Hacheros de la 44\u00aa Fiesta Nacional del Monta\u00f1\u00e9s, que volver\u00e1 a realizarse con sus cinco categor\u00edas de participaci\u00f3n: Hacheros, Hacheras, Hacheritos, Motosierristas y Sierra Corvina. El evento se llevar\u00e1 a cabo el domingo 24 de agosto sobre la Avenida San Mart\u00edn, frente a la plaza, para que residentes y turistas puedan disfrutar de este tradicional evento &hellip; <a href=\"https:\/\/cultura.sma.gob.ar\/?p=6631\" class=\"more-link\">Continue reading <span class=\"screen-reader-text\">Concurso de Hacheros 2025: abrieron las inscripciones<\/span><\/a><\/p>\n","protected":false},"author":3,"featured_media":296,"comment_status":"closed","ping_status":"","sticky":false,"template":"","format":"image","meta":{"footnotes":""},"categories":[1],"tags":[],"class_list":["post-6631","post","type-post","status-publish","format-image","has-post-thumbnail","hentry","category-sin-categoria","post_format-post-format-image"],"_links":{"self":[{"href":"https:\/\/cultura.sma.gob.ar\/index.php?rest_route=\/wp\/v2\/posts\/6631","targetHints":{"allow":["GET"]}}],"collection":[{"href":"https:\/\/cultura.sma.gob.ar\/index.php?rest_route=\/wp\/v2\/posts"}],"about":[{"href":"https:\/\/cultura.sma.gob.ar\/index.php?rest_route=\/wp\/v2\/types\/post"}],"author":[{"embeddable":true,"href":"https:\/\/cultura.sma.gob.ar\/index.php?rest_route=\/wp\/v2\/users\/3"}],"replies":[{"embeddable":true,"href":"https:\/\/cultura.sma.gob.ar\/index.php?rest_route=%2Fwp%2Fv2%2Fcomments&post=6631"}],"version-history":[{"count":1,"href":"https:\/\/cultura.sma.gob.ar\/index.php?rest_route=\/wp\/v2\/posts\/6631\/revisions"}],"predecessor-version":[{"id":6632,"href":"https:\/\/cultura.sma.gob.ar\/index.php?rest_route=\/wp\/v2\/posts\/6631\/revisions\/6632"}],"wp:featuredmedia":[{"embeddable":true,"href":"https:\/\/cultura.sma.gob.ar\/index.php?rest_route=\/wp\/v2\/media\/296"}],"wp:attachment":[{"href":"https:\/\/cultura.sma.gob.ar\/index.php?rest_route=%2Fwp%2Fv2%2Fmedia&parent=6631"}],"wp:term":[{"taxonomy":"category","embeddable":true,"href":"https:\/\/cultura.sma.gob.ar\/index.php?rest_route=%2Fwp%2Fv2%2Fcategories&post=6631"},{"taxonomy":"post_tag","embeddable":true,"href":"https:\/\/cultura.sma.gob.ar\/index.php?rest_route=%2Fwp%2Fv2%2Ftags&post=6631"}],"curies":[{"name":"wp","href":"https:\/\/api.w.org\/{rel}","templated":true}]}}