{"id":6627,"date":"2025-07-30T19:38:01","date_gmt":"2025-07-30T22:38:01","guid":{"rendered":"https:\/\/cultura.sma.gob.ar\/?p=6627"},"modified":"2025-08-10T09:08:47","modified_gmt":"2025-08-10T12:08:47","slug":"nuevo-cineclub-de-peliculas-clasicas-en-espacio-trama","status":"publish","type":"post","link":"https:\/\/cultura.sma.gob.ar\/?p=6627","title":{"rendered":"Nuevo cineclub de pel\u00edculas cl\u00e1sicas en Espacio Trama"},"content":{"rendered":"\n<p>Presentado y organizado por Guillermo Ianniello, este martes 12 de agosto, a las 21hs, contin\u00faa el nuevo Ciclo de Cine Cl\u00e1sico en Espacio Trama, en esta oportunidad, con la proyecci\u00f3n de &#8220;Matar a un Ruise\u00f1or&#8221;. El Cineclub cl\u00e1sico se repetir\u00e1 cada martes con nuevas propuestas cinematogr\u00e1ficas y con el valor de las entradas se colabora con la Asociaci\u00f3n Amigos del Museo Primeros Pobladores.<\/p>\n\n\n\n<figure class=\"wp-block-image size-large\"><img loading=\"lazy\" decoding=\"async\" width=\"741\" height=\"1024\" src=\"https:\/\/cultura.sma.gob.ar\/wp-content\/uploads\/2025\/07\/WhatsApp-Image-2025-08-10-at-1.11.41-AM-741x1024.jpeg\" alt=\"\" class=\"wp-image-6645\" srcset=\"https:\/\/cultura.sma.gob.ar\/wp-content\/uploads\/2025\/07\/WhatsApp-Image-2025-08-10-at-1.11.41-AM-741x1024.jpeg 741w, https:\/\/cultura.sma.gob.ar\/wp-content\/uploads\/2025\/07\/WhatsApp-Image-2025-08-10-at-1.11.41-AM-217x300.jpeg 217w, https:\/\/cultura.sma.gob.ar\/wp-content\/uploads\/2025\/07\/WhatsApp-Image-2025-08-10-at-1.11.41-AM-768x1061.jpeg 768w, https:\/\/cultura.sma.gob.ar\/wp-content\/uploads\/2025\/07\/WhatsApp-Image-2025-08-10-at-1.11.41-AM-1112x1536.jpeg 1112w, https:\/\/cultura.sma.gob.ar\/wp-content\/uploads\/2025\/07\/WhatsApp-Image-2025-08-10-at-1.11.41-AM-65x90.jpeg 65w, https:\/\/cultura.sma.gob.ar\/wp-content\/uploads\/2025\/07\/WhatsApp-Image-2025-08-10-at-1.11.41-AM.jpeg 1158w\" sizes=\"auto, (max-width: 741px) 100vw, 741px\" \/><\/figure>\n\n\n\n<p>Las entradas se pueden conseguir en la boleter\u00eda de Espacio Trama.<\/p>\n","protected":false},"excerpt":{"rendered":"<p>Presentado y organizado por Guillermo Ianniello, este martes 12 de agosto, a las 21hs, contin\u00faa el nuevo Ciclo de Cine Cl\u00e1sico en Espacio Trama, en esta oportunidad, con la proyecci\u00f3n de &#8220;Matar a un Ruise\u00f1or&#8221;. El Cineclub cl\u00e1sico se repetir\u00e1 cada martes con nuevas propuestas cinematogr\u00e1ficas y con el valor de las entradas se colabora con la Asociaci\u00f3n Amigos del Museo Primeros Pobladores. Las entradas &hellip; <a href=\"https:\/\/cultura.sma.gob.ar\/?p=6627\" class=\"more-link\">Continue reading <span class=\"screen-reader-text\">Nuevo cineclub de pel\u00edculas cl\u00e1sicas en Espacio Trama<\/span><\/a><\/p>\n","protected":false},"author":3,"featured_media":297,"comment_status":"closed","ping_status":"","sticky":false,"template":"","format":"image","meta":{"footnotes":""},"categories":[2],"tags":[],"class_list":["post-6627","post","type-post","status-publish","format-image","has-post-thumbnail","hentry","category-ciudad-cultural","post_format-post-format-image"],"_links":{"self":[{"href":"https:\/\/cultura.sma.gob.ar\/index.php?rest_route=\/wp\/v2\/posts\/6627","targetHints":{"allow":["GET"]}}],"collection":[{"href":"https:\/\/cultura.sma.gob.ar\/index.php?rest_route=\/wp\/v2\/posts"}],"about":[{"href":"https:\/\/cultura.sma.gob.ar\/index.php?rest_route=\/wp\/v2\/types\/post"}],"author":[{"embeddable":true,"href":"https:\/\/cultura.sma.gob.ar\/index.php?rest_route=\/wp\/v2\/users\/3"}],"replies":[{"embeddable":true,"href":"https:\/\/cultura.sma.gob.ar\/index.php?rest_route=%2Fwp%2Fv2%2Fcomments&post=6627"}],"version-history":[{"count":2,"href":"https:\/\/cultura.sma.gob.ar\/index.php?rest_route=\/wp\/v2\/posts\/6627\/revisions"}],"predecessor-version":[{"id":6646,"href":"https:\/\/cultura.sma.gob.ar\/index.php?rest_route=\/wp\/v2\/posts\/6627\/revisions\/6646"}],"wp:featuredmedia":[{"embeddable":true,"href":"https:\/\/cultura.sma.gob.ar\/index.php?rest_route=\/wp\/v2\/media\/297"}],"wp:attachment":[{"href":"https:\/\/cultura.sma.gob.ar\/index.php?rest_route=%2Fwp%2Fv2%2Fmedia&parent=6627"}],"wp:term":[{"taxonomy":"category","embeddable":true,"href":"https:\/\/cultura.sma.gob.ar\/index.php?rest_route=%2Fwp%2Fv2%2Fcategories&post=6627"},{"taxonomy":"post_tag","embeddable":true,"href":"https:\/\/cultura.sma.gob.ar\/index.php?rest_route=%2Fwp%2Fv2%2Ftags&post=6627"}],"curies":[{"name":"wp","href":"https:\/\/api.w.org\/{rel}","templated":true}]}}