{"id":6623,"date":"2025-07-29T09:14:20","date_gmt":"2025-07-29T12:14:20","guid":{"rendered":"https:\/\/cultura.sma.gob.ar\/?p=6623"},"modified":"2025-07-30T19:17:57","modified_gmt":"2025-07-30T22:17:57","slug":"tres-actividades-especiales-para-seguir-disfrutando-las-muestras-artisticas-en-la-sala-chapitel","status":"publish","type":"post","link":"https:\/\/cultura.sma.gob.ar\/?p=6623","title":{"rendered":"Tres actividades especiales para seguir disfrutando las muestras art\u00edsticas en la Sala Chapitel"},"content":{"rendered":"\n<p><strong>ARTE, CUERPO, PRESENCIA &#8211; Conversatorio<\/strong><\/p>\n\n\n\n<p><strong>Por Lic. Cecilia L\u00e1zzari<\/strong><\/p>\n\n\n\n<p>En la sala de terapia intensiva, entre la vida y la muerte, la danza , inventada en ese estado de inermidad , le permiti\u00f3&nbsp;iniciar una salida para la sanaci\u00f3n.<\/p>\n\n\n\n<p>\u00bfQu\u00e9 es la danza? \u00bfQui\u00e9n baila? \u00bfQu\u00e9 es el tiempo? \u00bfQu\u00e9 espacio?<\/p>\n\n\n\n<p>La danza, en su acci\u00f3n,&nbsp;irrumpe en el silencio de un cuerpo&nbsp;que recuerda que no&nbsp; se mueve por el sonido que ingresa por los&nbsp;o\u00eddos&nbsp; sino que desde los poros surge&nbsp;una&nbsp; vibraci\u00f3n&nbsp;que&nbsp; lo traspasa El esp\u00edritu desde ah\u00ed renovado, da permiso a una nueva visi\u00f3n.<\/p>\n\n\n\n<p>Jueves 31 de julio, 19 h<\/p>\n\n\n\n<p>Actividad abierta y gratuita para todo p\u00fablico<\/p>\n\n\n\n<p>La Lic Cecilia&nbsp;&nbsp;Lazzari&nbsp;&nbsp;es psicoanalista.&nbsp; Trabaja, investiga y publica art\u00edculos&nbsp;sobre el&nbsp;&nbsp;Acto Creador. En su b\u00fasqueda ha&nbsp;&nbsp;seguido la&nbsp;&nbsp;pregunta de Heidegger sobre \u201cque puede aportar el arte en tiempos de indigencias y penurias\u201c. En esta l\u00ednea dirige&nbsp;y crea programas desde la Fundacion Catalina. Ha sido coordinadora de seminarios, jornadas, congresos y&nbsp;talleres&nbsp;&nbsp;en temas de arte, adicciones y abuso a la infancia.<\/p>\n\n\n\n<p>Forma parte activa del Consejo de Ni\u00f1ez, Adolescencia y Familia de la Provincia de Neuqu\u00e9n, Co-fundadora de Fundaci\u00f3n Catalina , Fundadora de IWF (International Women Forum Argentina) Directora y Coordinadora de Miralejos Padres.<\/p>\n\n\n\n<p>Sus aportes y trabajos en prevenci\u00f3n de patolog\u00edas psicosociales en la infancia le vali\u00f3 el reconocimiento de organismos nacionales e internacionales. Sus referentes Fernando Ulloa, Carlos Kilgmann y Alejandro Ariel han sido sus interlocutores y maestros constantes, lo que le permiti\u00f3, gestar un pensamiento y una tarea para entender no solo el psiquismo sino el alma humana y realizar una cl\u00ednica particular.<\/p>\n\n\n\n<p>&#8212;&#8212;&#8212;&#8212;&#8212;&#8212;&#8212;&#8212;&#8212;&#8212;&#8212;&#8212;&#8212;&#8212;&#8212;&#8212;&#8212;&#8212;&#8212;&#8212;&#8212;&#8212;&#8212;&#8212;&#8212;&#8212;&#8212;&#8212;&#8212;&#8212;&#8212;&#8212;&#8212;&#8212;&#8212;-<\/p>\n\n\n\n<p>ACTIVIDAD ESPECIAL EN EL MARCO DE LA EXPOSICI\u00d3N DE ADRIANA GONZ\u00c1LEZ SEGARRA: ENCUENTRO DE DANZAS CIRCULARES<\/p>\n\n\n\n<p>Desde los primeros tiempos, los seres humanos se han reunido a danzar para celebrar, despedir, dar bienvenidas&#8230; Las danzas circulares del mundo rescatan esta forma ancestral de encuentro, son&nbsp;una oportunidad para trascender las diferencias culturales y sociales.<\/p>\n\n\n\n<p>Viernes 1 de agosto, 18:30 h<\/p>\n\n\n\n<p>Entrada abierta y gratuita<\/p>\n\n\n\n<p>&#8212;&#8212;&#8212;&#8212;&#8212;&#8212;&#8212;&#8212;&#8212;&#8212;&#8212;&#8212;&#8212;&#8212;&#8212;&#8212;&#8212;&#8212;&#8212;&#8212;&#8212;&#8212;&#8212;&#8212;&#8212;&#8212;&#8212;&#8212;&#8212;&#8212;&#8212;&#8212;&#8212;&#8212;&#8212;-<\/p>\n\n\n\n<p>ENCUENTRO CON ARTISTAS<\/p>\n\n\n\n<p>6 de agosto, 18 h<\/p>\n\n\n\n<p>ADRIANA GONZ\u00c1LEZ SEGARRA en el marco de su exposici\u00f3n ENTRE EL ALMA Y EL CUERPO<\/p>\n\n\n\n<p>Un encuentro especial con el p\u00fablico para conocer su pr\u00e1ctica art\u00edstica multidisciplinar vinculada a la exploraci\u00f3n de las relaciones entre el&nbsp;espacio y los cuerpos a trav\u00e9s de un recorrido por su obra escult\u00f3rica.<\/p>\n\n\n\n<p>Entrada abierta y gratuita<\/p>\n","protected":false},"excerpt":{"rendered":"<p>ARTE, CUERPO, PRESENCIA &#8211; Conversatorio Por Lic. Cecilia L\u00e1zzari En la sala de terapia intensiva, entre la vida y la muerte, la danza , inventada en ese estado de inermidad , le permiti\u00f3&nbsp;iniciar una salida para la sanaci\u00f3n. \u00bfQu\u00e9 es la danza? \u00bfQui\u00e9n baila? \u00bfQu\u00e9 es el tiempo? \u00bfQu\u00e9 espacio? La danza, en su acci\u00f3n,&nbsp;irrumpe en el silencio de un cuerpo&nbsp;que recuerda que no&nbsp; se &hellip; <a href=\"https:\/\/cultura.sma.gob.ar\/?p=6623\" class=\"more-link\">Continue reading <span class=\"screen-reader-text\">Tres actividades especiales para seguir disfrutando las muestras art\u00edsticas en la Sala Chapitel<\/span><\/a><\/p>\n","protected":false},"author":3,"featured_media":295,"comment_status":"closed","ping_status":"","sticky":false,"template":"","format":"image","meta":{"footnotes":""},"categories":[6,9],"tags":[],"class_list":["post-6623","post","type-post","status-publish","format-image","has-post-thumbnail","hentry","category-sala-lidaura-chapitel","category-ultimas-noticias","post_format-post-format-image"],"_links":{"self":[{"href":"https:\/\/cultura.sma.gob.ar\/index.php?rest_route=\/wp\/v2\/posts\/6623","targetHints":{"allow":["GET"]}}],"collection":[{"href":"https:\/\/cultura.sma.gob.ar\/index.php?rest_route=\/wp\/v2\/posts"}],"about":[{"href":"https:\/\/cultura.sma.gob.ar\/index.php?rest_route=\/wp\/v2\/types\/post"}],"author":[{"embeddable":true,"href":"https:\/\/cultura.sma.gob.ar\/index.php?rest_route=\/wp\/v2\/users\/3"}],"replies":[{"embeddable":true,"href":"https:\/\/cultura.sma.gob.ar\/index.php?rest_route=%2Fwp%2Fv2%2Fcomments&post=6623"}],"version-history":[{"count":2,"href":"https:\/\/cultura.sma.gob.ar\/index.php?rest_route=\/wp\/v2\/posts\/6623\/revisions"}],"predecessor-version":[{"id":6626,"href":"https:\/\/cultura.sma.gob.ar\/index.php?rest_route=\/wp\/v2\/posts\/6623\/revisions\/6626"}],"wp:featuredmedia":[{"embeddable":true,"href":"https:\/\/cultura.sma.gob.ar\/index.php?rest_route=\/wp\/v2\/media\/295"}],"wp:attachment":[{"href":"https:\/\/cultura.sma.gob.ar\/index.php?rest_route=%2Fwp%2Fv2%2Fmedia&parent=6623"}],"wp:term":[{"taxonomy":"category","embeddable":true,"href":"https:\/\/cultura.sma.gob.ar\/index.php?rest_route=%2Fwp%2Fv2%2Fcategories&post=6623"},{"taxonomy":"post_tag","embeddable":true,"href":"https:\/\/cultura.sma.gob.ar\/index.php?rest_route=%2Fwp%2Fv2%2Ftags&post=6623"}],"curies":[{"name":"wp","href":"https:\/\/api.w.org\/{rel}","templated":true}]}}