{"id":6618,"date":"2025-07-28T08:58:43","date_gmt":"2025-07-28T11:58:43","guid":{"rendered":"https:\/\/cultura.sma.gob.ar\/?p=6618"},"modified":"2025-07-28T08:58:43","modified_gmt":"2025-07-28T11:58:43","slug":"la-fiesta-del-montanes-comienza-con-un-concierto-de-payadores-en-el-teatro-san-jose","status":"publish","type":"post","link":"https:\/\/cultura.sma.gob.ar\/?p=6618","title":{"rendered":"La Fiesta del Monta\u00f1\u00e9s comienza con un Concierto de Payadores en el Teatro San Jos\u00e9"},"content":{"rendered":"\n<figure class=\"wp-block-image size-large\"><img loading=\"lazy\" decoding=\"async\" width=\"819\" height=\"1024\" src=\"https:\/\/cultura.sma.gob.ar\/wp-content\/uploads\/2025\/07\/SMA-GE0027-44-Fiesta-Nacional-del-Montanes-2025-PAYADORES-RRSS_4x5-819x1024.jpg\" alt=\"\" class=\"wp-image-6619\" srcset=\"https:\/\/cultura.sma.gob.ar\/wp-content\/uploads\/2025\/07\/SMA-GE0027-44-Fiesta-Nacional-del-Montanes-2025-PAYADORES-RRSS_4x5-819x1024.jpg 819w, https:\/\/cultura.sma.gob.ar\/wp-content\/uploads\/2025\/07\/SMA-GE0027-44-Fiesta-Nacional-del-Montanes-2025-PAYADORES-RRSS_4x5-240x300.jpg 240w, https:\/\/cultura.sma.gob.ar\/wp-content\/uploads\/2025\/07\/SMA-GE0027-44-Fiesta-Nacional-del-Montanes-2025-PAYADORES-RRSS_4x5-768x960.jpg 768w, https:\/\/cultura.sma.gob.ar\/wp-content\/uploads\/2025\/07\/SMA-GE0027-44-Fiesta-Nacional-del-Montanes-2025-PAYADORES-RRSS_4x5-1229x1536.jpg 1229w, https:\/\/cultura.sma.gob.ar\/wp-content\/uploads\/2025\/07\/SMA-GE0027-44-Fiesta-Nacional-del-Montanes-2025-PAYADORES-RRSS_4x5-1639x2048.jpg 1639w, https:\/\/cultura.sma.gob.ar\/wp-content\/uploads\/2025\/07\/SMA-GE0027-44-Fiesta-Nacional-del-Montanes-2025-PAYADORES-RRSS_4x5-72x90.jpg 72w, https:\/\/cultura.sma.gob.ar\/wp-content\/uploads\/2025\/07\/SMA-GE0027-44-Fiesta-Nacional-del-Montanes-2025-PAYADORES-RRSS_4x5-scaled.jpg 2048w\" sizes=\"auto, (max-width: 819px) 100vw, 819px\" \/><\/figure>\n\n\n\n<p>La Fiesta del Monta\u00f1\u00e9s comienza con un Concierto de Payadores en el Teatro San Jos\u00e9<\/p>\n\n\n\n<p>El d\u00eda<strong> s\u00e1bado 16 de agosto a las 20.00hs<\/strong> se realizar\u00e1 un Concierto de Payadores en el Teatro San Jos\u00e9. Ser\u00e1 un espect\u00e1culo para disfrutar la tradicional improvisaci\u00f3n de versos rimados y melod\u00edas gauchescas, con sus t\u00edpicos contrapuntos y duelos.<\/p>\n\n\n\n<p>En el concierto se presentar\u00e1n Luis Hern\u00e1ndez y su hijo Thomas, oriundos de Zapala, Rafael Huerao, de la localidad de Maquinchao, R\u00edo Negro, y el payador sanmartinense Nahuel Trujillo.<\/p>\n\n\n\n<p>La apertura estar\u00e1 a cargo del grupo local Polemma D\u00fao, que ofrecer\u00e1 un repertorio en homenaje a Marcelo Berbel en el centenario de su nacimiento.<\/p>\n\n\n\n<p><strong>Las entradas tendr\u00e1n un costo de $2000 y pr\u00f3ximamente se pondr\u00e1n a la venta en el Teatro San Jos\u00e9.<\/strong><\/p>\n\n\n\n<p>Con este Concierto de Payadores se dar\u00e1 inicio a la 44\u00aa Fiesta Nacional del Monta\u00f1\u00e9s, que continuar\u00e1 el fin de semana siguiente con el Concurso de Hacheros, el Desfile del Monta\u00f1\u00e9s y el <strong>Gran Sorteo del Toyota Yari<\/strong>s, para el cual a\u00fan contin\u00faa la venta de rifas.<\/p>\n","protected":false},"excerpt":{"rendered":"<p>La Fiesta del Monta\u00f1\u00e9s comienza con un Concierto de Payadores en el Teatro San Jos\u00e9 El d\u00eda s\u00e1bado 16 de agosto a las 20.00hs se realizar\u00e1 un Concierto de Payadores en el Teatro San Jos\u00e9. Ser\u00e1 un espect\u00e1culo para disfrutar la tradicional improvisaci\u00f3n de versos rimados y melod\u00edas gauchescas, con sus t\u00edpicos contrapuntos y duelos. En el concierto se presentar\u00e1n Luis Hern\u00e1ndez y su hijo &hellip; <a href=\"https:\/\/cultura.sma.gob.ar\/?p=6618\" class=\"more-link\">Continue reading <span class=\"screen-reader-text\">La Fiesta del Monta\u00f1\u00e9s comienza con un Concierto de Payadores en el Teatro San Jos\u00e9<\/span><\/a><\/p>\n","protected":false},"author":3,"featured_media":296,"comment_status":"closed","ping_status":"","sticky":false,"template":"","format":"image","meta":{"footnotes":""},"categories":[3,9],"tags":[],"class_list":["post-6618","post","type-post","status-publish","format-image","has-post-thumbnail","hentry","category-eventos-cultura","category-ultimas-noticias","post_format-post-format-image"],"_links":{"self":[{"href":"https:\/\/cultura.sma.gob.ar\/index.php?rest_route=\/wp\/v2\/posts\/6618","targetHints":{"allow":["GET"]}}],"collection":[{"href":"https:\/\/cultura.sma.gob.ar\/index.php?rest_route=\/wp\/v2\/posts"}],"about":[{"href":"https:\/\/cultura.sma.gob.ar\/index.php?rest_route=\/wp\/v2\/types\/post"}],"author":[{"embeddable":true,"href":"https:\/\/cultura.sma.gob.ar\/index.php?rest_route=\/wp\/v2\/users\/3"}],"replies":[{"embeddable":true,"href":"https:\/\/cultura.sma.gob.ar\/index.php?rest_route=%2Fwp%2Fv2%2Fcomments&post=6618"}],"version-history":[{"count":1,"href":"https:\/\/cultura.sma.gob.ar\/index.php?rest_route=\/wp\/v2\/posts\/6618\/revisions"}],"predecessor-version":[{"id":6620,"href":"https:\/\/cultura.sma.gob.ar\/index.php?rest_route=\/wp\/v2\/posts\/6618\/revisions\/6620"}],"wp:featuredmedia":[{"embeddable":true,"href":"https:\/\/cultura.sma.gob.ar\/index.php?rest_route=\/wp\/v2\/media\/296"}],"wp:attachment":[{"href":"https:\/\/cultura.sma.gob.ar\/index.php?rest_route=%2Fwp%2Fv2%2Fmedia&parent=6618"}],"wp:term":[{"taxonomy":"category","embeddable":true,"href":"https:\/\/cultura.sma.gob.ar\/index.php?rest_route=%2Fwp%2Fv2%2Fcategories&post=6618"},{"taxonomy":"post_tag","embeddable":true,"href":"https:\/\/cultura.sma.gob.ar\/index.php?rest_route=%2Fwp%2Fv2%2Ftags&post=6618"}],"curies":[{"name":"wp","href":"https:\/\/api.w.org\/{rel}","templated":true}]}}