{"id":6614,"date":"2025-07-24T10:46:17","date_gmt":"2025-07-24T13:46:17","guid":{"rendered":"https:\/\/cultura.sma.gob.ar\/?p=6614"},"modified":"2025-07-24T10:46:17","modified_gmt":"2025-07-24T13:46:17","slug":"nuevo-taller-de-arte-e-historia-en-la-sala-chapitel","status":"publish","type":"post","link":"https:\/\/cultura.sma.gob.ar\/?p=6614","title":{"rendered":"Nuevo taller de arte e historia en la Sala Chapitel"},"content":{"rendered":"\n<p><strong>Pintando la Historia Argentina<\/strong> propone hacer un recorrido a trav\u00e9s de la historia y el arte\u00a0 y como los hechos hist\u00f3ricos m\u00e1s importantes\u00a0de la historia argentina, desde Rosas a la primera mitad del siglo XX\u00a0quedaron plasmados,\u00a0 especialmente en\u00a0 la pintura.\u00a0<\/p>\n\n\n\n<p>Son 4 encuentros, 1 por semana, los d\u00edas martes,&nbsp; entre los meses de agosto y septiembre del 2025 con una duraci\u00f3n de 2&nbsp; &nbsp;horas cada uno, donde se exhibir\u00e1n obras destacadas de cada per\u00edodo hist\u00f3rico, abriendo al intercambio y debate entre los participantes.&nbsp;<\/p>\n\n\n\n<p>El ISFD 3, a trav\u00e9s de la secretar\u00eda de extensi\u00f3n, avala el proyecto, otorga&nbsp;certificados de asistencia y puntaje docente.&nbsp;<\/p>\n\n\n\n<p><strong>Taller Gratuito<\/strong><\/p>\n\n\n\n<p><strong>Horarios: Inicia el martes 5 de agosto 18 h<\/strong>.<\/p>\n\n\n\n<p><strong>Lugar : Sala Lidaura Chapitel<\/strong>&nbsp;<\/p>\n\n\n\n<p><strong>Inscripci\u00f3n:&nbsp;&nbsp;<\/strong>&nbsp;<a href=\"https:\/\/docs.google.com\/forms\/d\/1y8jofezIR65g9IrRd4ItHCTtm1b3SyfgG6XJlEzmn9g\/edit\" target=\"_blank\" rel=\"noreferrer noopener\">https:\/\/docs.google.com\/forms\/d\/1y8jofezIR65g9IrRd4ItHCTtm1b3SyfgG6XJlEzmn9g\/edit<\/a><\/p>\n\n\n\n<figure class=\"wp-block-image size-large\"><img loading=\"lazy\" decoding=\"async\" width=\"724\" height=\"1024\" src=\"https:\/\/cultura.sma.gob.ar\/wp-content\/uploads\/2025\/07\/FLYER-724x1024.jpeg\" alt=\"\" class=\"wp-image-6615\" srcset=\"https:\/\/cultura.sma.gob.ar\/wp-content\/uploads\/2025\/07\/FLYER-724x1024.jpeg 724w, https:\/\/cultura.sma.gob.ar\/wp-content\/uploads\/2025\/07\/FLYER-212x300.jpeg 212w, https:\/\/cultura.sma.gob.ar\/wp-content\/uploads\/2025\/07\/FLYER-768x1086.jpeg 768w, https:\/\/cultura.sma.gob.ar\/wp-content\/uploads\/2025\/07\/FLYER-1086x1536.jpeg 1086w, https:\/\/cultura.sma.gob.ar\/wp-content\/uploads\/2025\/07\/FLYER-64x90.jpeg 64w, https:\/\/cultura.sma.gob.ar\/wp-content\/uploads\/2025\/07\/FLYER.jpeg 1131w\" sizes=\"auto, (max-width: 724px) 100vw, 724px\" \/><\/figure>\n","protected":false},"excerpt":{"rendered":"<p>Pintando la Historia Argentina propone hacer un recorrido a trav\u00e9s de la historia y el arte\u00a0 y como los hechos hist\u00f3ricos m\u00e1s importantes\u00a0de la historia argentina, desde Rosas a la primera mitad del siglo XX\u00a0quedaron plasmados,\u00a0 especialmente en\u00a0 la pintura.\u00a0 Son 4 encuentros, 1 por semana, los d\u00edas martes,&nbsp; entre los meses de agosto y septiembre del 2025 con una duraci\u00f3n de 2&nbsp; &nbsp;horas cada &hellip; <a href=\"https:\/\/cultura.sma.gob.ar\/?p=6614\" class=\"more-link\">Continue reading <span class=\"screen-reader-text\">Nuevo taller de arte e historia en la Sala Chapitel<\/span><\/a><\/p>\n","protected":false},"author":3,"featured_media":295,"comment_status":"closed","ping_status":"","sticky":false,"template":"","format":"image","meta":{"footnotes":""},"categories":[6,9],"tags":[],"class_list":["post-6614","post","type-post","status-publish","format-image","has-post-thumbnail","hentry","category-sala-lidaura-chapitel","category-ultimas-noticias","post_format-post-format-image"],"_links":{"self":[{"href":"https:\/\/cultura.sma.gob.ar\/index.php?rest_route=\/wp\/v2\/posts\/6614","targetHints":{"allow":["GET"]}}],"collection":[{"href":"https:\/\/cultura.sma.gob.ar\/index.php?rest_route=\/wp\/v2\/posts"}],"about":[{"href":"https:\/\/cultura.sma.gob.ar\/index.php?rest_route=\/wp\/v2\/types\/post"}],"author":[{"embeddable":true,"href":"https:\/\/cultura.sma.gob.ar\/index.php?rest_route=\/wp\/v2\/users\/3"}],"replies":[{"embeddable":true,"href":"https:\/\/cultura.sma.gob.ar\/index.php?rest_route=%2Fwp%2Fv2%2Fcomments&post=6614"}],"version-history":[{"count":1,"href":"https:\/\/cultura.sma.gob.ar\/index.php?rest_route=\/wp\/v2\/posts\/6614\/revisions"}],"predecessor-version":[{"id":6616,"href":"https:\/\/cultura.sma.gob.ar\/index.php?rest_route=\/wp\/v2\/posts\/6614\/revisions\/6616"}],"wp:featuredmedia":[{"embeddable":true,"href":"https:\/\/cultura.sma.gob.ar\/index.php?rest_route=\/wp\/v2\/media\/295"}],"wp:attachment":[{"href":"https:\/\/cultura.sma.gob.ar\/index.php?rest_route=%2Fwp%2Fv2%2Fmedia&parent=6614"}],"wp:term":[{"taxonomy":"category","embeddable":true,"href":"https:\/\/cultura.sma.gob.ar\/index.php?rest_route=%2Fwp%2Fv2%2Fcategories&post=6614"},{"taxonomy":"post_tag","embeddable":true,"href":"https:\/\/cultura.sma.gob.ar\/index.php?rest_route=%2Fwp%2Fv2%2Ftags&post=6614"}],"curies":[{"name":"wp","href":"https:\/\/api.w.org\/{rel}","templated":true}]}}