{"id":6604,"date":"2025-07-22T09:20:22","date_gmt":"2025-07-22T12:20:22","guid":{"rendered":"https:\/\/cultura.sma.gob.ar\/?p=6604"},"modified":"2025-07-22T09:20:22","modified_gmt":"2025-07-22T12:20:22","slug":"agosto-nuevos-talleres-en-estaciones-culturales","status":"publish","type":"post","link":"https:\/\/cultura.sma.gob.ar\/?p=6604","title":{"rendered":"Agosto: nuevos talleres en Estaciones Culturales"},"content":{"rendered":"\n<p>En agosto comienzan nuevos talleres en las estaciones culturales!!! Fijate qu\u00e9 buenas est\u00e1n estas propuestas y anotate directamente en la sede que corresponda. Tambi\u00e9n pod\u00e9s realizar consultas por whatsapp al 2944-212937.<\/p>\n\n\n\n<p><strong>En sede Pichi Ray\u00e9n:&nbsp;<\/strong><\/p>\n\n\n\n<ul class=\"wp-block-list\">\n<li>\u00a0Macram\u00e9 para adolescentes y adultos, los d\u00edas\u00a0lunes de 19.30 a 21 hs.<\/li>\n<\/ul>\n\n\n\n<p><strong>En sede Vega Centro:<\/strong><\/p>\n\n\n\n<ul class=\"wp-block-list\">\n<li>\u00a0Bordado para adolescentes y adultos, los d\u00edas\u00a0lunes de 16 a 17.30 hs<\/li>\n<\/ul>\n\n\n\n<p><strong>En el CIC, de Cordones de Chapelco:<\/strong><\/p>\n\n\n\n<ul class=\"wp-block-list\">\n<li>Tejido a dos agujas para adolescentes y adultos, los d\u00edas\u00a0jueves de 19.30 a 21 hs<\/li>\n<\/ul>\n\n\n\n<figure class=\"wp-block-gallery has-nested-images columns-default is-cropped wp-block-gallery-1 is-layout-flex wp-block-gallery-is-layout-flex\">\n<figure class=\"wp-block-image size-large\"><img loading=\"lazy\" decoding=\"async\" width=\"820\" height=\"1024\" data-id=\"6605\" src=\"https:\/\/cultura.sma.gob.ar\/wp-content\/uploads\/2025\/07\/FLYER-BORDADO-VEGA-820x1024.jpeg\" alt=\"\" class=\"wp-image-6605\" srcset=\"https:\/\/cultura.sma.gob.ar\/wp-content\/uploads\/2025\/07\/FLYER-BORDADO-VEGA-820x1024.jpeg 820w, https:\/\/cultura.sma.gob.ar\/wp-content\/uploads\/2025\/07\/FLYER-BORDADO-VEGA-240x300.jpeg 240w, https:\/\/cultura.sma.gob.ar\/wp-content\/uploads\/2025\/07\/FLYER-BORDADO-VEGA-768x959.jpeg 768w, https:\/\/cultura.sma.gob.ar\/wp-content\/uploads\/2025\/07\/FLYER-BORDADO-VEGA-72x90.jpeg 72w, https:\/\/cultura.sma.gob.ar\/wp-content\/uploads\/2025\/07\/FLYER-BORDADO-VEGA.jpeg 1075w\" sizes=\"auto, (max-width: 820px) 100vw, 820px\" \/><\/figure>\n\n\n\n<figure class=\"wp-block-image size-large\"><img loading=\"lazy\" decoding=\"async\" width=\"821\" height=\"1024\" data-id=\"6607\" src=\"https:\/\/cultura.sma.gob.ar\/wp-content\/uploads\/2025\/07\/FLYER-MACRAME-PICHI-821x1024.jpeg\" alt=\"\" class=\"wp-image-6607\" srcset=\"https:\/\/cultura.sma.gob.ar\/wp-content\/uploads\/2025\/07\/FLYER-MACRAME-PICHI-821x1024.jpeg 821w, https:\/\/cultura.sma.gob.ar\/wp-content\/uploads\/2025\/07\/FLYER-MACRAME-PICHI-241x300.jpeg 241w, https:\/\/cultura.sma.gob.ar\/wp-content\/uploads\/2025\/07\/FLYER-MACRAME-PICHI-768x958.jpeg 768w, https:\/\/cultura.sma.gob.ar\/wp-content\/uploads\/2025\/07\/FLYER-MACRAME-PICHI-72x90.jpeg 72w, https:\/\/cultura.sma.gob.ar\/wp-content\/uploads\/2025\/07\/FLYER-MACRAME-PICHI.jpeg 1080w\" sizes=\"auto, (max-width: 821px) 100vw, 821px\" \/><\/figure>\n\n\n\n<figure class=\"wp-block-image size-large\"><img loading=\"lazy\" decoding=\"async\" width=\"818\" height=\"1024\" data-id=\"6606\" src=\"https:\/\/cultura.sma.gob.ar\/wp-content\/uploads\/2025\/07\/FLYER-TEJIDO-A-2-AGUJAS-CIC-818x1024.jpeg\" alt=\"\" class=\"wp-image-6606\" srcset=\"https:\/\/cultura.sma.gob.ar\/wp-content\/uploads\/2025\/07\/FLYER-TEJIDO-A-2-AGUJAS-CIC-818x1024.jpeg 818w, https:\/\/cultura.sma.gob.ar\/wp-content\/uploads\/2025\/07\/FLYER-TEJIDO-A-2-AGUJAS-CIC-240x300.jpeg 240w, https:\/\/cultura.sma.gob.ar\/wp-content\/uploads\/2025\/07\/FLYER-TEJIDO-A-2-AGUJAS-CIC-768x961.jpeg 768w, https:\/\/cultura.sma.gob.ar\/wp-content\/uploads\/2025\/07\/FLYER-TEJIDO-A-2-AGUJAS-CIC-72x90.jpeg 72w, https:\/\/cultura.sma.gob.ar\/wp-content\/uploads\/2025\/07\/FLYER-TEJIDO-A-2-AGUJAS-CIC.jpeg 1080w\" sizes=\"auto, (max-width: 818px) 100vw, 818px\" \/><\/figure>\n<\/figure>\n","protected":false},"excerpt":{"rendered":"<p>En agosto comienzan nuevos talleres en las estaciones culturales!!! Fijate qu\u00e9 buenas est\u00e1n estas propuestas y anotate directamente en la sede que corresponda. Tambi\u00e9n pod\u00e9s realizar consultas por whatsapp al 2944-212937. En sede Pichi Ray\u00e9n:&nbsp; En sede Vega Centro: En el CIC, de Cordones de Chapelco: <a href=\"https:\/\/cultura.sma.gob.ar\/?p=6604\" class=\"more-link\">Continue reading <span class=\"screen-reader-text\">Agosto: nuevos talleres en Estaciones Culturales<\/span><\/a><\/p>\n","protected":false},"author":3,"featured_media":293,"comment_status":"closed","ping_status":"","sticky":false,"template":"","format":"image","meta":{"footnotes":""},"categories":[7,9],"tags":[],"class_list":["post-6604","post","type-post","status-publish","format-image","has-post-thumbnail","hentry","category-talleres-cultura","category-ultimas-noticias","post_format-post-format-image"],"_links":{"self":[{"href":"https:\/\/cultura.sma.gob.ar\/index.php?rest_route=\/wp\/v2\/posts\/6604","targetHints":{"allow":["GET"]}}],"collection":[{"href":"https:\/\/cultura.sma.gob.ar\/index.php?rest_route=\/wp\/v2\/posts"}],"about":[{"href":"https:\/\/cultura.sma.gob.ar\/index.php?rest_route=\/wp\/v2\/types\/post"}],"author":[{"embeddable":true,"href":"https:\/\/cultura.sma.gob.ar\/index.php?rest_route=\/wp\/v2\/users\/3"}],"replies":[{"embeddable":true,"href":"https:\/\/cultura.sma.gob.ar\/index.php?rest_route=%2Fwp%2Fv2%2Fcomments&post=6604"}],"version-history":[{"count":1,"href":"https:\/\/cultura.sma.gob.ar\/index.php?rest_route=\/wp\/v2\/posts\/6604\/revisions"}],"predecessor-version":[{"id":6608,"href":"https:\/\/cultura.sma.gob.ar\/index.php?rest_route=\/wp\/v2\/posts\/6604\/revisions\/6608"}],"wp:featuredmedia":[{"embeddable":true,"href":"https:\/\/cultura.sma.gob.ar\/index.php?rest_route=\/wp\/v2\/media\/293"}],"wp:attachment":[{"href":"https:\/\/cultura.sma.gob.ar\/index.php?rest_route=%2Fwp%2Fv2%2Fmedia&parent=6604"}],"wp:term":[{"taxonomy":"category","embeddable":true,"href":"https:\/\/cultura.sma.gob.ar\/index.php?rest_route=%2Fwp%2Fv2%2Fcategories&post=6604"},{"taxonomy":"post_tag","embeddable":true,"href":"https:\/\/cultura.sma.gob.ar\/index.php?rest_route=%2Fwp%2Fv2%2Ftags&post=6604"}],"curies":[{"name":"wp","href":"https:\/\/api.w.org\/{rel}","templated":true}]}}