{"id":6598,"date":"2025-07-15T08:58:01","date_gmt":"2025-07-15T11:58:01","guid":{"rendered":"https:\/\/cultura.sma.gob.ar\/?p=6598"},"modified":"2025-07-15T08:58:01","modified_gmt":"2025-07-15T11:58:01","slug":"inauguran-dos-nuevas-muestras-en-la-sala-chapitel-2","status":"publish","type":"post","link":"https:\/\/cultura.sma.gob.ar\/?p=6598","title":{"rendered":"Inauguran dos nuevas muestras en la Sala Chapitel"},"content":{"rendered":"\n<p>Dos nuevas exhibiciones inauguran en la sala Chapitel este viernes 18 de julio a las 20hs. Una de ellas es la propuesta escult\u00f3rica de ADRIANA\u00a0GONZALEZ SEGARRA, artista y arquitecta de San Mart\u00edn de los Andes. Por otro lado, las artistas barilochenses AGUSTINA RECAYTE, BEL\u00c9N RAMELLA Y YUY\u00da RINC\u00d3N con su propuesta pict\u00f3rica.<\/p>\n\n\n\n<p>Todos los proyectos expositivos&nbsp;fueron seleccionados en la CONVOCATORIA 2025 de la sala CHAPITEL.<\/p>\n\n\n\n<figure class=\"wp-block-image size-large\"><img loading=\"lazy\" decoding=\"async\" width=\"819\" height=\"1024\" src=\"http:\/\/cultura.sma.gob.ar\/wp-content\/uploads\/2025\/07\/SM98281-819x1024.jpg\" alt=\"\" class=\"wp-image-6600\" srcset=\"https:\/\/cultura.sma.gob.ar\/wp-content\/uploads\/2025\/07\/SM98281-819x1024.jpg 819w, https:\/\/cultura.sma.gob.ar\/wp-content\/uploads\/2025\/07\/SM98281-240x300.jpg 240w, https:\/\/cultura.sma.gob.ar\/wp-content\/uploads\/2025\/07\/SM98281-768x960.jpg 768w, https:\/\/cultura.sma.gob.ar\/wp-content\/uploads\/2025\/07\/SM98281-1229x1536.jpg 1229w, https:\/\/cultura.sma.gob.ar\/wp-content\/uploads\/2025\/07\/SM98281-1639x2048.jpg 1639w, https:\/\/cultura.sma.gob.ar\/wp-content\/uploads\/2025\/07\/SM98281-72x90.jpg 72w, https:\/\/cultura.sma.gob.ar\/wp-content\/uploads\/2025\/07\/SM98281-scaled.jpg 2048w\" sizes=\"auto, (max-width: 819px) 100vw, 819px\" \/><\/figure>\n\n\n\n<p>ENTRE EL ALMA Y EL CUERPO DE ADRIANA GONZ\u00c1LEZ SEGARRA\u00a0explora la relaci\u00f3n entre cuerpo y alma, como dos componentes que se tocan, se atraviesan y se modifican. Las esculturas se presentan apoyadas, sujetadas, colgadas e incluso tensionadas. En esa b\u00fasqueda aparece el espacio como un tercer protagonista.<\/p>\n\n\n\n<figure class=\"wp-block-image size-large\"><img loading=\"lazy\" decoding=\"async\" width=\"819\" height=\"1024\" src=\"http:\/\/cultura.sma.gob.ar\/wp-content\/uploads\/2025\/07\/SMA-LC3-819x1024.jpg\" alt=\"\" class=\"wp-image-6599\" srcset=\"https:\/\/cultura.sma.gob.ar\/wp-content\/uploads\/2025\/07\/SMA-LC3-819x1024.jpg 819w, https:\/\/cultura.sma.gob.ar\/wp-content\/uploads\/2025\/07\/SMA-LC3-240x300.jpg 240w, https:\/\/cultura.sma.gob.ar\/wp-content\/uploads\/2025\/07\/SMA-LC3-768x960.jpg 768w, https:\/\/cultura.sma.gob.ar\/wp-content\/uploads\/2025\/07\/SMA-LC3-1229x1536.jpg 1229w, https:\/\/cultura.sma.gob.ar\/wp-content\/uploads\/2025\/07\/SMA-LC3-1639x2048.jpg 1639w, https:\/\/cultura.sma.gob.ar\/wp-content\/uploads\/2025\/07\/SMA-LC3-72x90.jpg 72w, https:\/\/cultura.sma.gob.ar\/wp-content\/uploads\/2025\/07\/SMA-LC3-scaled.jpg 2048w\" sizes=\"auto, (max-width: 819px) 100vw, 819px\" \/><\/figure>\n\n\n\n<p>PACIENTE APROXIMACI\u00d3N DE AGUSTINA RECAYTE-BEL\u00c9N RAMELLA Y YUY\u00da RINC\u00d3N&nbsp; es una propuesta pict\u00f3rica vinculada&nbsp;a la naturaleza. Las artistas convierten en oficio la b\u00fasqueda de aquello que las sostiene y conmueve. La adversidad de la existencia se vuelve materia de comprensi\u00f3n. Contemplar, observar, meditar, recordar: un balanceo constante entre lo figurativo y lo abstracto.<\/p>\n\n\n\n<p><strong>Entrada abierta y gratuita. Las muestras podr\u00e1n visitarse hasta el 13 de agosto, de lunes a viernes de 10 a 12 y de 16 a 20, s\u00e1bados de 15 a 19 h.<\/strong><\/p>\n","protected":false},"excerpt":{"rendered":"<p>Dos nuevas exhibiciones inauguran en la sala Chapitel este viernes 18 de julio a las 20hs. Una de ellas es la propuesta escult\u00f3rica de ADRIANA\u00a0GONZALEZ SEGARRA, artista y arquitecta de San Mart\u00edn de los Andes. Por otro lado, las artistas barilochenses AGUSTINA RECAYTE, BEL\u00c9N RAMELLA Y YUY\u00da RINC\u00d3N con su propuesta pict\u00f3rica. Todos los proyectos expositivos&nbsp;fueron seleccionados en la CONVOCATORIA 2025 de la sala CHAPITEL. &hellip; <a href=\"https:\/\/cultura.sma.gob.ar\/?p=6598\" class=\"more-link\">Continue reading <span class=\"screen-reader-text\">Inauguran dos nuevas muestras en la Sala Chapitel<\/span><\/a><\/p>\n","protected":false},"author":3,"featured_media":295,"comment_status":"closed","ping_status":"","sticky":false,"template":"","format":"image","meta":{"footnotes":""},"categories":[6,9],"tags":[],"class_list":["post-6598","post","type-post","status-publish","format-image","has-post-thumbnail","hentry","category-sala-lidaura-chapitel","category-ultimas-noticias","post_format-post-format-image"],"_links":{"self":[{"href":"https:\/\/cultura.sma.gob.ar\/index.php?rest_route=\/wp\/v2\/posts\/6598","targetHints":{"allow":["GET"]}}],"collection":[{"href":"https:\/\/cultura.sma.gob.ar\/index.php?rest_route=\/wp\/v2\/posts"}],"about":[{"href":"https:\/\/cultura.sma.gob.ar\/index.php?rest_route=\/wp\/v2\/types\/post"}],"author":[{"embeddable":true,"href":"https:\/\/cultura.sma.gob.ar\/index.php?rest_route=\/wp\/v2\/users\/3"}],"replies":[{"embeddable":true,"href":"https:\/\/cultura.sma.gob.ar\/index.php?rest_route=%2Fwp%2Fv2%2Fcomments&post=6598"}],"version-history":[{"count":1,"href":"https:\/\/cultura.sma.gob.ar\/index.php?rest_route=\/wp\/v2\/posts\/6598\/revisions"}],"predecessor-version":[{"id":6601,"href":"https:\/\/cultura.sma.gob.ar\/index.php?rest_route=\/wp\/v2\/posts\/6598\/revisions\/6601"}],"wp:featuredmedia":[{"embeddable":true,"href":"https:\/\/cultura.sma.gob.ar\/index.php?rest_route=\/wp\/v2\/media\/295"}],"wp:attachment":[{"href":"https:\/\/cultura.sma.gob.ar\/index.php?rest_route=%2Fwp%2Fv2%2Fmedia&parent=6598"}],"wp:term":[{"taxonomy":"category","embeddable":true,"href":"https:\/\/cultura.sma.gob.ar\/index.php?rest_route=%2Fwp%2Fv2%2Fcategories&post=6598"},{"taxonomy":"post_tag","embeddable":true,"href":"https:\/\/cultura.sma.gob.ar\/index.php?rest_route=%2Fwp%2Fv2%2Ftags&post=6598"}],"curies":[{"name":"wp","href":"https:\/\/api.w.org\/{rel}","templated":true}]}}