{"id":6586,"date":"2025-07-10T14:06:28","date_gmt":"2025-07-10T17:06:28","guid":{"rendered":"https:\/\/cultura.sma.gob.ar\/?p=6586"},"modified":"2025-07-10T14:06:28","modified_gmt":"2025-07-10T17:06:28","slug":"concurso-de-escultura-tallada-en-madera-escuela-86","status":"publish","type":"post","link":"https:\/\/cultura.sma.gob.ar\/?p=6586","title":{"rendered":"Concurso de escultura tallada en madera &#8211; Escuela 86"},"content":{"rendered":"\n<p>La Escuela 86 de Vega Maip\u00fa cumple 100 a\u00f1os y en el marco de esta celebraci\u00f3n la Municipalidad de San Mart\u00edn de los Andes, a trav\u00e9s de la Secretar\u00eda de Cultura, organiz\u00f3 un Concurso para realizar una escultura tallada en madera sobre el gran toc\u00f3n de cipr\u00e9s que est\u00e1 en el patio de la escuela, visible desde la Ruta&nbsp;Nacional 40.<\/p>\n\n\n<div class=\"wp-block-image\">\n<figure class=\"aligncenter size-full\"><img loading=\"lazy\" decoding=\"async\" width=\"438\" height=\"543\" src=\"https:\/\/cultura.sma.gob.ar\/wp-content\/uploads\/2025\/07\/Screenshot-2025-07-10-2.05.54-PM.png\" alt=\"\" class=\"wp-image-6587\" srcset=\"https:\/\/cultura.sma.gob.ar\/wp-content\/uploads\/2025\/07\/Screenshot-2025-07-10-2.05.54-PM.png 438w, https:\/\/cultura.sma.gob.ar\/wp-content\/uploads\/2025\/07\/Screenshot-2025-07-10-2.05.54-PM-242x300.png 242w, https:\/\/cultura.sma.gob.ar\/wp-content\/uploads\/2025\/07\/Screenshot-2025-07-10-2.05.54-PM-73x90.png 73w\" sizes=\"auto, (max-width: 438px) 100vw, 438px\" \/><\/figure><\/div>\n\n\n<p>\ud83d\udccdRecepci\u00f3n de propuestas del 23 de junio al 31 de julio<\/p>\n\n\n\n<p>\ud83d\udc49Descarg\u00e1 las bases y condiciones en este link: <a href=\"https:\/\/drive.google.com\/file\/d\/1VPwcwY6ii0rR62hQKIsi0OnvTGJv7rjJ\/view?usp=drivesdk\">https:\/\/drive.google.com\/file\/d\/1VPwcwY6ii0rR62hQKIsi0OnvTGJv7rjJ\/view?usp=drivesdk<br><\/a><\/p>\n","protected":false},"excerpt":{"rendered":"<p>La Escuela 86 de Vega Maip\u00fa cumple 100 a\u00f1os y en el marco de esta celebraci\u00f3n la Municipalidad de San Mart\u00edn de los Andes, a trav\u00e9s de la Secretar\u00eda de Cultura, organiz\u00f3 un Concurso para realizar una escultura tallada en madera sobre el gran toc\u00f3n de cipr\u00e9s que est\u00e1 en el patio de la escuela, visible desde la Ruta&nbsp;Nacional 40. \ud83d\udccdRecepci\u00f3n de propuestas del 23 &hellip; <a href=\"https:\/\/cultura.sma.gob.ar\/?p=6586\" class=\"more-link\">Continue reading <span class=\"screen-reader-text\">Concurso de escultura tallada en madera &#8211; Escuela 86<\/span><\/a><\/p>\n","protected":false},"author":3,"featured_media":295,"comment_status":"closed","ping_status":"","sticky":false,"template":"","format":"image","meta":{"footnotes":""},"categories":[6],"tags":[],"class_list":["post-6586","post","type-post","status-publish","format-image","has-post-thumbnail","hentry","category-sala-lidaura-chapitel","post_format-post-format-image"],"_links":{"self":[{"href":"https:\/\/cultura.sma.gob.ar\/index.php?rest_route=\/wp\/v2\/posts\/6586","targetHints":{"allow":["GET"]}}],"collection":[{"href":"https:\/\/cultura.sma.gob.ar\/index.php?rest_route=\/wp\/v2\/posts"}],"about":[{"href":"https:\/\/cultura.sma.gob.ar\/index.php?rest_route=\/wp\/v2\/types\/post"}],"author":[{"embeddable":true,"href":"https:\/\/cultura.sma.gob.ar\/index.php?rest_route=\/wp\/v2\/users\/3"}],"replies":[{"embeddable":true,"href":"https:\/\/cultura.sma.gob.ar\/index.php?rest_route=%2Fwp%2Fv2%2Fcomments&post=6586"}],"version-history":[{"count":1,"href":"https:\/\/cultura.sma.gob.ar\/index.php?rest_route=\/wp\/v2\/posts\/6586\/revisions"}],"predecessor-version":[{"id":6588,"href":"https:\/\/cultura.sma.gob.ar\/index.php?rest_route=\/wp\/v2\/posts\/6586\/revisions\/6588"}],"wp:featuredmedia":[{"embeddable":true,"href":"https:\/\/cultura.sma.gob.ar\/index.php?rest_route=\/wp\/v2\/media\/295"}],"wp:attachment":[{"href":"https:\/\/cultura.sma.gob.ar\/index.php?rest_route=%2Fwp%2Fv2%2Fmedia&parent=6586"}],"wp:term":[{"taxonomy":"category","embeddable":true,"href":"https:\/\/cultura.sma.gob.ar\/index.php?rest_route=%2Fwp%2Fv2%2Fcategories&post=6586"},{"taxonomy":"post_tag","embeddable":true,"href":"https:\/\/cultura.sma.gob.ar\/index.php?rest_route=%2Fwp%2Fv2%2Ftags&post=6586"}],"curies":[{"name":"wp","href":"https:\/\/api.w.org\/{rel}","templated":true}]}}