{"id":6574,"date":"2025-07-10T13:15:42","date_gmt":"2025-07-10T16:15:42","guid":{"rendered":"https:\/\/cultura.sma.gob.ar\/?p=6574"},"modified":"2025-07-10T13:15:42","modified_gmt":"2025-07-10T16:15:42","slug":"feria-regional-del-libro-ya-esta-abierta-la-convocatoria-para-stands-presentaciones-de-libros-y-actividades-2","status":"publish","type":"post","link":"https:\/\/cultura.sma.gob.ar\/?p=6574","title":{"rendered":"Feria Regional del Libro: ya est\u00e1 abierta la convocatoria para stands, presentaciones de libros y actividades"},"content":{"rendered":"\n<figure class=\"wp-block-image size-large\"><img loading=\"lazy\" decoding=\"async\" width=\"1024\" height=\"687\" src=\"https:\/\/cultura.sma.gob.ar\/wp-content\/uploads\/2025\/07\/Foto-convocatoria-stands-presentaciones-actividades-1024x687.jpeg\" alt=\"\" class=\"wp-image-6575\" srcset=\"https:\/\/cultura.sma.gob.ar\/wp-content\/uploads\/2025\/07\/Foto-convocatoria-stands-presentaciones-actividades-1024x687.jpeg 1024w, https:\/\/cultura.sma.gob.ar\/wp-content\/uploads\/2025\/07\/Foto-convocatoria-stands-presentaciones-actividades-300x201.jpeg 300w, https:\/\/cultura.sma.gob.ar\/wp-content\/uploads\/2025\/07\/Foto-convocatoria-stands-presentaciones-actividades-768x516.jpeg 768w, https:\/\/cultura.sma.gob.ar\/wp-content\/uploads\/2025\/07\/Foto-convocatoria-stands-presentaciones-actividades-134x90.jpeg 134w, https:\/\/cultura.sma.gob.ar\/wp-content\/uploads\/2025\/07\/Foto-convocatoria-stands-presentaciones-actividades.jpeg 1065w\" sizes=\"auto, (max-width: 1024px) 100vw, 1024px\" \/><\/figure>\n\n\n\n<p>La 19\u00aa Feria Regional del Libro, que se realizar\u00e1 en San Mart\u00edn de los Andes desde el s\u00e1bado 11 hasta el s\u00e1bado 18 de octubre,\u00a0abre su convocatoria para solicitudes de stands de exposici\u00f3n o venta de libros, presentaciones de libros y actividades.<\/p>\n\n\n\n<p>La convocatoria estar\u00e1 abierta hasta el domingo 24 de agosto.<\/p>\n\n\n\n<p>Se requiere leer <a href=\"https:\/\/drive.google.com\/file\/d\/19z3wbmwRLupiCi4HxO1g24JJxjX2z-Wu\/view\">las\u00a0bases y condiciones<\/a>\u00a0antes de realizar las solicitudes mediante los siguientes formularios:<\/p>\n\n\n\n<p><a href=\"https:\/\/docs.google.com\/forms\/d\/e\/1FAIpQLSeSOgKFVC_HqZxu85S3BzA57NAyLNynZ_nqDBN55K8GE3-6Rw\/viewform?usp=sf_link&amp;urp=gmail_link\">Formulario 1<\/a>,\u00a0Solicitud de stands para exposici\u00f3n o venta de libros<br><a href=\"https:\/\/docs.google.com\/forms\/d\/e\/1FAIpQLSf0WlhY2uEoIByvSbfxrjZiCA8U2iVMOxCNr8fJzIGOT_j2ZA\/viewform\">Formulario 2<\/a>,\u00a0Solicitud de presentaciones de libros.<br><a href=\"https:\/\/docs.google.com\/forms\/d\/e\/1FAIpQLSd-u79CZCVIFNgXnspw2cbscsaQ3_aSj9LJmYe_WkL9B99BcA\/viewform?usp=sf_link&amp;urp=gmail_link\">Formulario 3<\/a>,\u00a0Solicitud de actividades.<\/p>\n\n\n\n<p>Por consultas, escribir a feriadellibro@smandes.gob.ar o escribir por whatsapp a al (02944) 816772, de 9 a 15 hrs.<\/p>\n","protected":false},"excerpt":{"rendered":"<p>La 19\u00aa Feria Regional del Libro, que se realizar\u00e1 en San Mart\u00edn de los Andes desde el s\u00e1bado 11 hasta el s\u00e1bado 18 de octubre,\u00a0abre su convocatoria para solicitudes de stands de exposici\u00f3n o venta de libros, presentaciones de libros y actividades. La convocatoria estar\u00e1 abierta hasta el domingo 24 de agosto. Se requiere leer las\u00a0bases y condiciones\u00a0antes de realizar las solicitudes mediante los siguientes &hellip; <a href=\"https:\/\/cultura.sma.gob.ar\/?p=6574\" class=\"more-link\">Continue reading <span class=\"screen-reader-text\">Feria Regional del Libro: ya est\u00e1 abierta la convocatoria para stands, presentaciones de libros y actividades<\/span><\/a><\/p>\n","protected":false},"author":3,"featured_media":296,"comment_status":"closed","ping_status":"","sticky":false,"template":"","format":"image","meta":{"footnotes":""},"categories":[3],"tags":[],"class_list":["post-6574","post","type-post","status-publish","format-image","has-post-thumbnail","hentry","category-eventos-cultura","post_format-post-format-image"],"_links":{"self":[{"href":"https:\/\/cultura.sma.gob.ar\/index.php?rest_route=\/wp\/v2\/posts\/6574","targetHints":{"allow":["GET"]}}],"collection":[{"href":"https:\/\/cultura.sma.gob.ar\/index.php?rest_route=\/wp\/v2\/posts"}],"about":[{"href":"https:\/\/cultura.sma.gob.ar\/index.php?rest_route=\/wp\/v2\/types\/post"}],"author":[{"embeddable":true,"href":"https:\/\/cultura.sma.gob.ar\/index.php?rest_route=\/wp\/v2\/users\/3"}],"replies":[{"embeddable":true,"href":"https:\/\/cultura.sma.gob.ar\/index.php?rest_route=%2Fwp%2Fv2%2Fcomments&post=6574"}],"version-history":[{"count":1,"href":"https:\/\/cultura.sma.gob.ar\/index.php?rest_route=\/wp\/v2\/posts\/6574\/revisions"}],"predecessor-version":[{"id":6576,"href":"https:\/\/cultura.sma.gob.ar\/index.php?rest_route=\/wp\/v2\/posts\/6574\/revisions\/6576"}],"wp:featuredmedia":[{"embeddable":true,"href":"https:\/\/cultura.sma.gob.ar\/index.php?rest_route=\/wp\/v2\/media\/296"}],"wp:attachment":[{"href":"https:\/\/cultura.sma.gob.ar\/index.php?rest_route=%2Fwp%2Fv2%2Fmedia&parent=6574"}],"wp:term":[{"taxonomy":"category","embeddable":true,"href":"https:\/\/cultura.sma.gob.ar\/index.php?rest_route=%2Fwp%2Fv2%2Fcategories&post=6574"},{"taxonomy":"post_tag","embeddable":true,"href":"https:\/\/cultura.sma.gob.ar\/index.php?rest_route=%2Fwp%2Fv2%2Ftags&post=6574"}],"curies":[{"name":"wp","href":"https:\/\/api.w.org\/{rel}","templated":true}]}}