{"id":6556,"date":"2025-05-22T12:45:07","date_gmt":"2025-05-22T15:45:07","guid":{"rendered":"http:\/\/cultura.sma.gob.ar\/?p=6556"},"modified":"2025-05-22T12:45:07","modified_gmt":"2025-05-22T15:45:07","slug":"lunatico-poeta-amante-obra-de-teatro","status":"publish","type":"post","link":"https:\/\/cultura.sma.gob.ar\/?p=6556","title":{"rendered":"&#8220;Lun\u00e1tico poeta amante&#8221; &#8211; obra de teatro"},"content":{"rendered":"\n<figure class=\"wp-block-image size-large\"><img loading=\"lazy\" decoding=\"async\" width=\"724\" height=\"1024\" src=\"https:\/\/cultura.sma.gob.ar\/wp-content\/uploads\/2025\/05\/WhatsApp-Image-2025-05-19-at-09.11.11-724x1024.jpeg\" alt=\"\" class=\"wp-image-6557\" srcset=\"https:\/\/cultura.sma.gob.ar\/wp-content\/uploads\/2025\/05\/WhatsApp-Image-2025-05-19-at-09.11.11-724x1024.jpeg 724w, https:\/\/cultura.sma.gob.ar\/wp-content\/uploads\/2025\/05\/WhatsApp-Image-2025-05-19-at-09.11.11-212x300.jpeg 212w, https:\/\/cultura.sma.gob.ar\/wp-content\/uploads\/2025\/05\/WhatsApp-Image-2025-05-19-at-09.11.11-768x1086.jpeg 768w, https:\/\/cultura.sma.gob.ar\/wp-content\/uploads\/2025\/05\/WhatsApp-Image-2025-05-19-at-09.11.11-1086x1536.jpeg 1086w, https:\/\/cultura.sma.gob.ar\/wp-content\/uploads\/2025\/05\/WhatsApp-Image-2025-05-19-at-09.11.11-64x90.jpeg 64w, https:\/\/cultura.sma.gob.ar\/wp-content\/uploads\/2025\/05\/WhatsApp-Image-2025-05-19-at-09.11.11.jpeg 1131w\" sizes=\"auto, (max-width: 724px) 100vw, 724px\" \/><\/figure>\n\n\n\n<p>Federico Garc\u00eda Lorca: Lun\u00e1tico poeta y amante. Una mirada profunda a los fragmentos m\u00e1s intensos y dram\u00e1ticos de su teatro.<\/p>\n\n\n\n<p><img decoding=\"async\" alt=\"\ud83d\udccd\" src=\"https:\/\/fonts.gstatic.com\/s\/e\/notoemoji\/16.0\/1f4cd\/32.png\">Teatro San Jos\u00e9<img decoding=\"async\" alt=\"\ud83d\uddd3\ufe0f\" src=\"https:\/\/fonts.gstatic.com\/s\/e\/notoemoji\/16.0\/1f5d3_fe0f\/32.png\">\u00a030 y 31 de mayo \u2013 21 h<img decoding=\"async\" alt=\"\ud83c\udf9f\ufe0f\" src=\"https:\/\/fonts.gstatic.com\/s\/e\/notoemoji\/16.0\/1f39f_fe0f\/32.png\">\u00a0Entrada gratuita con reserva previa<\/p>\n\n\n\n<p><img decoding=\"async\" alt=\"\ud83d\ude4c\" src=\"https:\/\/fonts.gstatic.com\/s\/e\/notoemoji\/16.0\/1f64c\/32.png\">\u00a0Se agradecer\u00e1 una colaboraci\u00f3n voluntaria para la Escuela de Meliquina, destinada a la compra de libros.<\/p>\n\n\n\n<p><img decoding=\"async\" alt=\"\ud83c\udfac\" src=\"https:\/\/fonts.gstatic.com\/s\/e\/notoemoji\/16.0\/1f3ac\/32.png\">\u00a0Direcci\u00f3n: Gustavo Lozano<br>Una oportunidad para reencontrarse con la poes\u00eda y el drama de Lorca en escena. \u00a1Te esperamos!<\/p>\n\n\n\n<p><\/p>\n","protected":false},"excerpt":{"rendered":"<p>Federico Garc\u00eda Lorca: Lun\u00e1tico poeta y amante. Una mirada profunda a los fragmentos m\u00e1s intensos y dram\u00e1ticos de su teatro. Teatro San Jos\u00e9\u00a030 y 31 de mayo \u2013 21 h\u00a0Entrada gratuita con reserva previa \u00a0Se agradecer\u00e1 una colaboraci\u00f3n voluntaria para la Escuela de Meliquina, destinada a la compra de libros. \u00a0Direcci\u00f3n: Gustavo LozanoUna oportunidad para reencontrarse con la poes\u00eda y el drama de Lorca en &hellip; <a href=\"https:\/\/cultura.sma.gob.ar\/?p=6556\" class=\"more-link\">Continue reading <span class=\"screen-reader-text\">&#8220;Lun\u00e1tico poeta amante&#8221; &#8211; obra de teatro<\/span><\/a><\/p>\n","protected":false},"author":1,"featured_media":297,"comment_status":"closed","ping_status":"","sticky":false,"template":"","format":"image","meta":{"footnotes":""},"categories":[2,8],"tags":[46],"class_list":["post-6556","post","type-post","status-publish","format-image","has-post-thumbnail","hentry","category-ciudad-cultural","category-teatro-san-jose","tag-teatro","post_format-post-format-image"],"_links":{"self":[{"href":"https:\/\/cultura.sma.gob.ar\/index.php?rest_route=\/wp\/v2\/posts\/6556","targetHints":{"allow":["GET"]}}],"collection":[{"href":"https:\/\/cultura.sma.gob.ar\/index.php?rest_route=\/wp\/v2\/posts"}],"about":[{"href":"https:\/\/cultura.sma.gob.ar\/index.php?rest_route=\/wp\/v2\/types\/post"}],"author":[{"embeddable":true,"href":"https:\/\/cultura.sma.gob.ar\/index.php?rest_route=\/wp\/v2\/users\/1"}],"replies":[{"embeddable":true,"href":"https:\/\/cultura.sma.gob.ar\/index.php?rest_route=%2Fwp%2Fv2%2Fcomments&post=6556"}],"version-history":[{"count":1,"href":"https:\/\/cultura.sma.gob.ar\/index.php?rest_route=\/wp\/v2\/posts\/6556\/revisions"}],"predecessor-version":[{"id":6558,"href":"https:\/\/cultura.sma.gob.ar\/index.php?rest_route=\/wp\/v2\/posts\/6556\/revisions\/6558"}],"wp:featuredmedia":[{"embeddable":true,"href":"https:\/\/cultura.sma.gob.ar\/index.php?rest_route=\/wp\/v2\/media\/297"}],"wp:attachment":[{"href":"https:\/\/cultura.sma.gob.ar\/index.php?rest_route=%2Fwp%2Fv2%2Fmedia&parent=6556"}],"wp:term":[{"taxonomy":"category","embeddable":true,"href":"https:\/\/cultura.sma.gob.ar\/index.php?rest_route=%2Fwp%2Fv2%2Fcategories&post=6556"},{"taxonomy":"post_tag","embeddable":true,"href":"https:\/\/cultura.sma.gob.ar\/index.php?rest_route=%2Fwp%2Fv2%2Ftags&post=6556"}],"curies":[{"name":"wp","href":"https:\/\/api.w.org\/{rel}","templated":true}]}}