{"id":6549,"date":"2025-05-21T13:38:54","date_gmt":"2025-05-21T16:38:54","guid":{"rendered":"http:\/\/cultura.sma.gob.ar\/?p=6549"},"modified":"2025-05-21T13:38:54","modified_gmt":"2025-05-21T16:38:54","slug":"este-sabado-ofrecen-seminario-de-investigacion-con-josefina-zuain","status":"publish","type":"post","link":"https:\/\/cultura.sma.gob.ar\/?p=6549","title":{"rendered":"Este s\u00e1bado: ofrecen seminario de investigaci\u00f3n con Josefina Zuain"},"content":{"rendered":"\n<p>El s\u00e1bado 24 de mayo, de 14 a 20hs, San Mart\u00edn de los Andes recibe a Josefina Zuain para un seminario de investigaci\u00f3n destinado a cualquier persona interesada en los procesos investigativos desde el arte: artistas visuales e interdisciplinarios, m\u00fasicos, teatro, literatura, danza, docentes, investigadores, activistas, profesionales de diversas disciplinas. El seminario forma parte de los proyectos que fueron seleccionados este a\u00f1o para contar con el apoyo del Fondo Municipal de las Artes Elena Lapuente.<\/p>\n\n\n\n<figure class=\"wp-block-image\"><img decoding=\"async\" src=\"https:\/\/i0.wp.com\/realidadsm.com\/wp-content\/uploads\/2025\/05\/josefina-zuain.jpg?resize=466%2C700&amp;ssl=1\" alt=\"\" class=\"wp-image-288624\"\/><\/figure>\n\n\n\n<p><a href=\"https:\/\/www.instagram.com\/josefina.zuain\/\">Josefina Zuain<\/a>&nbsp;es bailarina, escritora e investigadora en Historia del Arte. Se dedica a la coordinaci\u00f3n de talleres de escritura para a artistas y trabaja como consultora en proyectos relacionados con el arte y campos afines. Obtuvo su Licenciatura en Artes de la Universidad de Buenos Aires y en 2019 culmin\u00f3 con \u00e9xito su M\u00e1ster en Estudios Avanzados en Historia del Arte en la Universidad de Salamanca. Es directora editorial y creadora de 2da En Papel Editora, una editorial especializada en la difusi\u00f3n, creaci\u00f3n y distribuci\u00f3n de contenidos relacionados con la danza. En 2009 cre\u00f3 cuadernosdedanza.com.ar ISSN 22508708, una plataforma virtual que almacena 14 a\u00f1os de escritura entre, acerca de y desde la danza en formato de archivo.<\/p>\n\n\n\n<p><a href=\"https:\/\/forms.gle\/NymPbhjs4w6soSEP6\">INSCRIPCI\u00d3N FORMULARIO AQU\u00cd&nbsp;&nbsp;<\/a><a href=\"https:\/\/forms.gle\/QL7DPhuv6W6qaQpWA\">https:\/\/forms.gle\/QL7DPhuv6W6qaQpWA<\/a><\/p>\n\n\n\n<p>\u00abEste seminario tiene el objetivo de poner en valor todas las formas de escritura que se implican en los procesos de investigaci\u00f3n y creaci\u00f3n desde (con, entre, durante y hacia) las pr\u00e1cticas art\u00edsticas. En una din\u00e1mica de trabajo que itera entre pr\u00e1cticas de danza, pr\u00e1cticas de escritura, pr\u00e1cticas de escucha sensible e investigaciones biomec\u00e1nicas, este dispositivo colectivo planteado como laboratorio, nos permite desarrollar documentos de nuestras pr\u00e1cticas y elaborar, al mismo tiempo, una epistemolog\u00eda de las notas y apuntes que conforman los archivos de las investigaciones art\u00edsticas\u00bb, explicaron.<\/p>\n\n\n\n<figure class=\"wp-block-image\"><img decoding=\"async\" src=\"https:\/\/i0.wp.com\/realidadsm.com\/wp-content\/uploads\/2025\/05\/manta_investigar_1.jpg?resize=560%2C700&amp;ssl=1\" alt=\"\" class=\"wp-image-288743\"\/><\/figure>\n\n\n\n<p>\u00abA lo largo de los a\u00f1os me he dedicado a explorar y dar valor a los modos en que se piensa y escribe en los cuadernos de notas, en las cl\u00ednicas, en las salas de danza y los talleres. A trav\u00e9s de la publicaci\u00f3n de los diferentes registros de archivo que emergen durante las (siempre colectivas) investigaciones art\u00edsticas. El despliegue de posibilidades escriturales que he ido haciendo p\u00fablicos a trav\u00e9s de dos plataformas de circulaci\u00f3n de materiales especializados (cuadernos dedanza.com.ar ISSN 22508708 y Segunda en Papel Editora) permite palpar, tocar y hacer lectura de las maneras en que se trazan los rastros de los quehaceres desde (con, entre, durante y hacia) los cuerpos\u00bb.&nbsp;<\/p>\n\n\n\n<p>\u00abEl recorrido del Laboratorio, a trav\u00e9s de pautas de movimiento y escritura sencillas y de complejidad creciente, facilita la apertura a la noci\u00f3n de que la investigaci\u00f3n art\u00edstica es un despliegue de dispositivos para pensar experimentando, sentir pensando, experimentar sintiendo.<\/p>\n\n\n\n<figure class=\"wp-block-image\"><img decoding=\"async\" src=\"https:\/\/i0.wp.com\/realidadsm.com\/wp-content\/uploads\/2025\/05\/investigramodosdeinvestigar-2-933x700.jpeg?ssl=1\" alt=\"\"\/><\/figure>\n\n\n\n<p>Trabajaremos, pensaremos y potenciaremos esos modos de investigar que: crean modos de investigar; crean pedagog\u00edas; crean pr\u00e1cticas; crean espacios de trabajo y encuentro; crean obras; adquieren materialidades inesperadas; emergen como pr\u00e1cticas que generan nuevos modos de investigar; se despliegan como dispositivos que no culminan\u00bb.<\/p>\n\n\n\n<p>Los modos de investigaci\u00f3n son procesos complejos que forman sistemas de relaciones entre documentos, coreograf\u00edas, fuentes documentales, producciones esc\u00e9nicas, lecturas, ideas, pedagog\u00edas, sensaciones y materiales de movimiento entre y con los cuales se establecen resonancias.<\/p>\n\n\n\n<p><strong>Objetivos:<\/strong><br>\u25cf Generar espacio de conversaci\u00f3n en torno a los modos en que cada unx nutre sus investigaciones.<br>\u25cf Desarrollar herramientas que permitan desplegar nuevas posibilidades para investigaciones en curso desde (con, entre, durante y hacia) pr\u00e1cticas de<br>danza y de escritura, de escucha y de investigaci\u00f3n kin\u00e9tica.<br>\u25cf Identificar los aspectos, criterios y otros ordenadores que ya est\u00e1n actuando en las propias investigaciones.<br>\u25cf Detectar par\u00e1metros de lo que se va asentando durante el proceso desde (con, entre, durante y hacia).<br>\u25cf Elaborar herramientas personales para ir sabiendo de qu\u00e9 se va tratando la propia investigaci\u00f3n.<\/p>\n\n\n\n<p>M\u00e1s informaci\u00f3n en&nbsp;<a href=\"https:\/\/proyectomanta.com\/novedades\/\">https:\/\/proyectomanta.com\/novedades\/<\/a><\/p>\n\n\n\n<p><a href=\"https:\/\/www.instagram.com\/___________manta_residencia\/\">https:\/\/www.instagram.com\/___________manta_residencia\/<\/a><\/p>\n","protected":false},"excerpt":{"rendered":"<p>El s\u00e1bado 24 de mayo, de 14 a 20hs, San Mart\u00edn de los Andes recibe a Josefina Zuain para un seminario de investigaci\u00f3n destinado a cualquier persona interesada en los procesos investigativos desde el arte: artistas visuales e interdisciplinarios, m\u00fasicos, teatro, literatura, danza, docentes, investigadores, activistas, profesionales de diversas disciplinas. El seminario forma parte de los proyectos que fueron seleccionados este a\u00f1o para contar con &hellip; <a href=\"https:\/\/cultura.sma.gob.ar\/?p=6549\" class=\"more-link\">Continue reading <span class=\"screen-reader-text\">Este s\u00e1bado: ofrecen seminario de investigaci\u00f3n con Josefina Zuain<\/span><\/a><\/p>\n","protected":false},"author":1,"featured_media":297,"comment_status":"closed","ping_status":"","sticky":false,"template":"","format":"image","meta":{"footnotes":""},"categories":[2],"tags":[],"class_list":["post-6549","post","type-post","status-publish","format-image","has-post-thumbnail","hentry","category-ciudad-cultural","post_format-post-format-image"],"_links":{"self":[{"href":"https:\/\/cultura.sma.gob.ar\/index.php?rest_route=\/wp\/v2\/posts\/6549","targetHints":{"allow":["GET"]}}],"collection":[{"href":"https:\/\/cultura.sma.gob.ar\/index.php?rest_route=\/wp\/v2\/posts"}],"about":[{"href":"https:\/\/cultura.sma.gob.ar\/index.php?rest_route=\/wp\/v2\/types\/post"}],"author":[{"embeddable":true,"href":"https:\/\/cultura.sma.gob.ar\/index.php?rest_route=\/wp\/v2\/users\/1"}],"replies":[{"embeddable":true,"href":"https:\/\/cultura.sma.gob.ar\/index.php?rest_route=%2Fwp%2Fv2%2Fcomments&post=6549"}],"version-history":[{"count":1,"href":"https:\/\/cultura.sma.gob.ar\/index.php?rest_route=\/wp\/v2\/posts\/6549\/revisions"}],"predecessor-version":[{"id":6550,"href":"https:\/\/cultura.sma.gob.ar\/index.php?rest_route=\/wp\/v2\/posts\/6549\/revisions\/6550"}],"wp:featuredmedia":[{"embeddable":true,"href":"https:\/\/cultura.sma.gob.ar\/index.php?rest_route=\/wp\/v2\/media\/297"}],"wp:attachment":[{"href":"https:\/\/cultura.sma.gob.ar\/index.php?rest_route=%2Fwp%2Fv2%2Fmedia&parent=6549"}],"wp:term":[{"taxonomy":"category","embeddable":true,"href":"https:\/\/cultura.sma.gob.ar\/index.php?rest_route=%2Fwp%2Fv2%2Fcategories&post=6549"},{"taxonomy":"post_tag","embeddable":true,"href":"https:\/\/cultura.sma.gob.ar\/index.php?rest_route=%2Fwp%2Fv2%2Ftags&post=6549"}],"curies":[{"name":"wp","href":"https:\/\/api.w.org\/{rel}","templated":true}]}}