{"id":6546,"date":"2025-05-21T13:31:22","date_gmt":"2025-05-21T16:31:22","guid":{"rendered":"http:\/\/cultura.sma.gob.ar\/?p=6546"},"modified":"2025-05-21T13:31:22","modified_gmt":"2025-05-21T16:31:22","slug":"seminarios-de-la-red-de-prevencion-familia-escuela","status":"publish","type":"post","link":"https:\/\/cultura.sma.gob.ar\/?p=6546","title":{"rendered":"SEMINARIOS DE LA RED DE PREVENCI\u00d3N FAMILIA-ESCUELA"},"content":{"rendered":"\n<p><br>PR\u00d3XIMO ENCUENTRO : LUNES 9 DE JUNIO A LAS 18:30 HS<\/p>\n\n\n\n<p><br>M\u00f3dulo II : \u00bfQu\u00e9 herramientas tenemos como padres, como docentes para ayudar a los chicos a limitar las expresiones de violencia que viven desde edades cada vez m\u00e1s tempranas y que se han ampliado hoy a las redes sociales ?<br><br>\u00bfCu\u00e1l es el precio que cotidianamente pagan nuestros hijos para no ser excluidos tanto en la escuela como en las redes?<br><br>\u201cSi no hac\u00eda o dec\u00eda lo que ellos quer\u00edan, me iban a cancelar, ignorar de todos sus grupos, de todos sus juegos, y eso para m\u00ed hoy es insoportable. Volver a estar solo.\u201d<br>Alumno de 12 a\u00f1os, escuela de Buenos Aires.<br><br>Herramientas de Prevenci\u00f3n del M\u00e9todo Monica Toscano Prevention in Act\u00ae\ufe0f<br><br>La direcci\u00f3n: Galer\u00eda El Mait\u00e9n San Mart\u00edn 866 1er Piso.<\/p>\n\n\n\n<p>Para inscripciones al siguiente Whatsapp: 11 31490778<\/p>\n\n\n\n<p>Valor de la inscripci\u00f3n: $10.000.-<\/p>\n\n\n\n<p><\/p>\n","protected":false},"excerpt":{"rendered":"<p>PR\u00d3XIMO ENCUENTRO : LUNES 9 DE JUNIO A LAS 18:30 HS M\u00f3dulo II : \u00bfQu\u00e9 herramientas tenemos como padres, como docentes para ayudar a los chicos a limitar las expresiones de violencia que viven desde edades cada vez m\u00e1s tempranas y que se han ampliado hoy a las redes sociales ? \u00bfCu\u00e1l es el precio que cotidianamente pagan nuestros hijos para no ser excluidos tanto &hellip; <a href=\"https:\/\/cultura.sma.gob.ar\/?p=6546\" class=\"more-link\">Continue reading <span class=\"screen-reader-text\">SEMINARIOS DE LA RED DE PREVENCI\u00d3N FAMILIA-ESCUELA<\/span><\/a><\/p>\n","protected":false},"author":1,"featured_media":297,"comment_status":"closed","ping_status":"","sticky":false,"template":"","format":"image","meta":{"footnotes":""},"categories":[2],"tags":[],"class_list":["post-6546","post","type-post","status-publish","format-image","has-post-thumbnail","hentry","category-ciudad-cultural","post_format-post-format-image"],"_links":{"self":[{"href":"https:\/\/cultura.sma.gob.ar\/index.php?rest_route=\/wp\/v2\/posts\/6546","targetHints":{"allow":["GET"]}}],"collection":[{"href":"https:\/\/cultura.sma.gob.ar\/index.php?rest_route=\/wp\/v2\/posts"}],"about":[{"href":"https:\/\/cultura.sma.gob.ar\/index.php?rest_route=\/wp\/v2\/types\/post"}],"author":[{"embeddable":true,"href":"https:\/\/cultura.sma.gob.ar\/index.php?rest_route=\/wp\/v2\/users\/1"}],"replies":[{"embeddable":true,"href":"https:\/\/cultura.sma.gob.ar\/index.php?rest_route=%2Fwp%2Fv2%2Fcomments&post=6546"}],"version-history":[{"count":1,"href":"https:\/\/cultura.sma.gob.ar\/index.php?rest_route=\/wp\/v2\/posts\/6546\/revisions"}],"predecessor-version":[{"id":6547,"href":"https:\/\/cultura.sma.gob.ar\/index.php?rest_route=\/wp\/v2\/posts\/6546\/revisions\/6547"}],"wp:featuredmedia":[{"embeddable":true,"href":"https:\/\/cultura.sma.gob.ar\/index.php?rest_route=\/wp\/v2\/media\/297"}],"wp:attachment":[{"href":"https:\/\/cultura.sma.gob.ar\/index.php?rest_route=%2Fwp%2Fv2%2Fmedia&parent=6546"}],"wp:term":[{"taxonomy":"category","embeddable":true,"href":"https:\/\/cultura.sma.gob.ar\/index.php?rest_route=%2Fwp%2Fv2%2Fcategories&post=6546"},{"taxonomy":"post_tag","embeddable":true,"href":"https:\/\/cultura.sma.gob.ar\/index.php?rest_route=%2Fwp%2Fv2%2Ftags&post=6546"}],"curies":[{"name":"wp","href":"https:\/\/api.w.org\/{rel}","templated":true}]}}