{"id":6542,"date":"2025-05-19T08:50:03","date_gmt":"2025-05-19T11:50:03","guid":{"rendered":"http:\/\/cultura.sma.gob.ar\/?p=6542"},"modified":"2025-05-19T08:50:03","modified_gmt":"2025-05-19T11:50:03","slug":"encuentro-coral-en-el-teatro-san-jose","status":"publish","type":"post","link":"https:\/\/cultura.sma.gob.ar\/?p=6542","title":{"rendered":"ENCUENTRO CORAL en el Teatro San Jos\u00e9"},"content":{"rendered":"\n<figure class=\"wp-block-image size-large\"><img loading=\"lazy\" decoding=\"async\" width=\"724\" height=\"1024\" src=\"https:\/\/cultura.sma.gob.ar\/wp-content\/uploads\/2025\/05\/ENCUENTRO-CORAL-24-MAYO-724x1024.png\" alt=\"\" class=\"wp-image-6543\" srcset=\"https:\/\/cultura.sma.gob.ar\/wp-content\/uploads\/2025\/05\/ENCUENTRO-CORAL-24-MAYO-724x1024.png 724w, https:\/\/cultura.sma.gob.ar\/wp-content\/uploads\/2025\/05\/ENCUENTRO-CORAL-24-MAYO-212x300.png 212w, https:\/\/cultura.sma.gob.ar\/wp-content\/uploads\/2025\/05\/ENCUENTRO-CORAL-24-MAYO-768x1086.png 768w, https:\/\/cultura.sma.gob.ar\/wp-content\/uploads\/2025\/05\/ENCUENTRO-CORAL-24-MAYO-1086x1536.png 1086w, https:\/\/cultura.sma.gob.ar\/wp-content\/uploads\/2025\/05\/ENCUENTRO-CORAL-24-MAYO-1448x2048.png 1448w, https:\/\/cultura.sma.gob.ar\/wp-content\/uploads\/2025\/05\/ENCUENTRO-CORAL-24-MAYO-64x90.png 64w, https:\/\/cultura.sma.gob.ar\/wp-content\/uploads\/2025\/05\/ENCUENTRO-CORAL-24-MAYO.png 1587w\" sizes=\"auto, (max-width: 724px) 100vw, 724px\" \/><\/figure>\n\n\n\n<p>ENCUENTRO CORAL: 24 de mayo de 2025, 20:00hs<\/p>\n\n\n\n<p>El pr\u00f3ximo 24 de mayo de 2025 a las 20:00hs, se llevar\u00e1 a cabo un encuentro coral,<br>donde diversas agrupaciones vocales se reunir\u00e1n para compartir sus interpretaciones.<\/p>\n\n\n\n<p>Se trata de un evento cultural pensado para los amantes de la m\u00fasica coral y para<br>aquellos que deseen disfrutar de una noche llena de armon\u00edas.<\/p>\n\n\n\n<p>El encuentro coral tendr\u00e1 lugar en el Teatro San Jos\u00e9. La direcci\u00f3n es Capit\u00e1n Drury<br>759, en el centro de San Mart\u00edn de los Andes.<br><br>El evento contar\u00e1 con la participaci\u00f3n de cuatro coros, cada uno de los cuales<br>presentar\u00e1 un repertorio diverso que incluir\u00e1 piezas de la m\u00fasica popular. <\/p>\n\n\n\n<p>Entre los coros invitados se encuentran:<br>&#8211; Grupo Coral Jun\u00edn de los Andes. Director: Sergio Gonz\u00e1lez. Codirectora:<br>Carolina Siebert<br>-Grupo Coral Cumel\u00e9n, de la ciudad de Neuqu\u00e9n. Director: Ezequiel Boronat<br>&#8211; Grupo Coral Cantacantos, de San Mart\u00edn de los Andes. Director: Carlos Alterini<br>&#8211; Grupo vocal Caleuche, de San Mart\u00edn de los Andes. Director: Israel Prieto<\/p>\n\n\n\n<p>Las entradas son libres y gratuitas. Para reservar su lugar deben comunicarse con el Teatro San Jos\u00e9, por el WhatsApp 2972537772.<\/p>\n","protected":false},"excerpt":{"rendered":"<p>ENCUENTRO CORAL: 24 de mayo de 2025, 20:00hs El pr\u00f3ximo 24 de mayo de 2025 a las 20:00hs, se llevar\u00e1 a cabo un encuentro coral,donde diversas agrupaciones vocales se reunir\u00e1n para compartir sus interpretaciones. Se trata de un evento cultural pensado para los amantes de la m\u00fasica coral y paraaquellos que deseen disfrutar de una noche llena de armon\u00edas. El encuentro coral tendr\u00e1 lugar en &hellip; <a href=\"https:\/\/cultura.sma.gob.ar\/?p=6542\" class=\"more-link\">Continue reading <span class=\"screen-reader-text\">ENCUENTRO CORAL en el Teatro San Jos\u00e9<\/span><\/a><\/p>\n","protected":false},"author":1,"featured_media":297,"comment_status":"closed","ping_status":"","sticky":false,"template":"","format":"image","meta":{"footnotes":""},"categories":[2,8],"tags":[],"class_list":["post-6542","post","type-post","status-publish","format-image","has-post-thumbnail","hentry","category-ciudad-cultural","category-teatro-san-jose","post_format-post-format-image"],"_links":{"self":[{"href":"https:\/\/cultura.sma.gob.ar\/index.php?rest_route=\/wp\/v2\/posts\/6542","targetHints":{"allow":["GET"]}}],"collection":[{"href":"https:\/\/cultura.sma.gob.ar\/index.php?rest_route=\/wp\/v2\/posts"}],"about":[{"href":"https:\/\/cultura.sma.gob.ar\/index.php?rest_route=\/wp\/v2\/types\/post"}],"author":[{"embeddable":true,"href":"https:\/\/cultura.sma.gob.ar\/index.php?rest_route=\/wp\/v2\/users\/1"}],"replies":[{"embeddable":true,"href":"https:\/\/cultura.sma.gob.ar\/index.php?rest_route=%2Fwp%2Fv2%2Fcomments&post=6542"}],"version-history":[{"count":1,"href":"https:\/\/cultura.sma.gob.ar\/index.php?rest_route=\/wp\/v2\/posts\/6542\/revisions"}],"predecessor-version":[{"id":6544,"href":"https:\/\/cultura.sma.gob.ar\/index.php?rest_route=\/wp\/v2\/posts\/6542\/revisions\/6544"}],"wp:featuredmedia":[{"embeddable":true,"href":"https:\/\/cultura.sma.gob.ar\/index.php?rest_route=\/wp\/v2\/media\/297"}],"wp:attachment":[{"href":"https:\/\/cultura.sma.gob.ar\/index.php?rest_route=%2Fwp%2Fv2%2Fmedia&parent=6542"}],"wp:term":[{"taxonomy":"category","embeddable":true,"href":"https:\/\/cultura.sma.gob.ar\/index.php?rest_route=%2Fwp%2Fv2%2Fcategories&post=6542"},{"taxonomy":"post_tag","embeddable":true,"href":"https:\/\/cultura.sma.gob.ar\/index.php?rest_route=%2Fwp%2Fv2%2Ftags&post=6542"}],"curies":[{"name":"wp","href":"https:\/\/api.w.org\/{rel}","templated":true}]}}