{"id":6538,"date":"2025-05-15T12:31:22","date_gmt":"2025-05-15T15:31:22","guid":{"rendered":"http:\/\/cultura.sma.gob.ar\/?p=6538"},"modified":"2025-05-15T12:31:22","modified_gmt":"2025-05-15T15:31:22","slug":"nueva-tarde-de-montana-en-wenuy","status":"publish","type":"post","link":"https:\/\/cultura.sma.gob.ar\/?p=6538","title":{"rendered":"Nueva tarde de monta\u00f1a en Wen\u00fcy"},"content":{"rendered":"\n<figure class=\"wp-block-image size-large\"><img loading=\"lazy\" decoding=\"async\" width=\"819\" height=\"1024\" src=\"https:\/\/cultura.sma.gob.ar\/wp-content\/uploads\/2025\/05\/Imagen-de-WhatsApp-2025-05-14-a-las-11.13.50_3425bd8e-819x1024.jpg\" alt=\"\" class=\"wp-image-6539\" srcset=\"https:\/\/cultura.sma.gob.ar\/wp-content\/uploads\/2025\/05\/Imagen-de-WhatsApp-2025-05-14-a-las-11.13.50_3425bd8e-819x1024.jpg 819w, https:\/\/cultura.sma.gob.ar\/wp-content\/uploads\/2025\/05\/Imagen-de-WhatsApp-2025-05-14-a-las-11.13.50_3425bd8e-240x300.jpg 240w, https:\/\/cultura.sma.gob.ar\/wp-content\/uploads\/2025\/05\/Imagen-de-WhatsApp-2025-05-14-a-las-11.13.50_3425bd8e-768x960.jpg 768w, https:\/\/cultura.sma.gob.ar\/wp-content\/uploads\/2025\/05\/Imagen-de-WhatsApp-2025-05-14-a-las-11.13.50_3425bd8e-72x90.jpg 72w, https:\/\/cultura.sma.gob.ar\/wp-content\/uploads\/2025\/05\/Imagen-de-WhatsApp-2025-05-14-a-las-11.13.50_3425bd8e.jpg 1080w\" sizes=\"auto, (max-width: 819px) 100vw, 819px\" \/><\/figure>\n\n\n\n<p>\u00daltima Tarde de Monta\u00f1a de este oto\u00f1o 2025. Wen\u00fcy, Refugio de Historias, invita este domingo 18 de mayo a las 13 hs a ser parte de las historias de Chapelco. De la mano de Fer Gazari y Jaime Bravo, se podr\u00e1 disfrutar de m\u00fasica patag\u00f3nica y de la historia de Chapelco contada por quien la vivi\u00f3. Todo esto acompa\u00f1ado por la gastronom\u00eda de Wen\u00fcy y en un entorno c\u00e1lido y amistoso.<\/p>\n\n\n\n<p>Para consultas por descuentos especiales, transporte y reserva de lugares, comunicarse\u00a0al:\u00a02944201313<\/p>\n","protected":false},"excerpt":{"rendered":"<p>\u00daltima Tarde de Monta\u00f1a de este oto\u00f1o 2025. Wen\u00fcy, Refugio de Historias, invita este domingo 18 de mayo a las 13 hs a ser parte de las historias de Chapelco. De la mano de Fer Gazari y Jaime Bravo, se podr\u00e1 disfrutar de m\u00fasica patag\u00f3nica y de la historia de Chapelco contada por quien la vivi\u00f3. Todo esto acompa\u00f1ado por la gastronom\u00eda de Wen\u00fcy y &hellip; <a href=\"https:\/\/cultura.sma.gob.ar\/?p=6538\" class=\"more-link\">Continue reading <span class=\"screen-reader-text\">Nueva tarde de monta\u00f1a en Wen\u00fcy<\/span><\/a><\/p>\n","protected":false},"author":1,"featured_media":297,"comment_status":"closed","ping_status":"","sticky":false,"template":"","format":"image","meta":{"footnotes":""},"categories":[2,9],"tags":[],"class_list":["post-6538","post","type-post","status-publish","format-image","has-post-thumbnail","hentry","category-ciudad-cultural","category-ultimas-noticias","post_format-post-format-image"],"_links":{"self":[{"href":"https:\/\/cultura.sma.gob.ar\/index.php?rest_route=\/wp\/v2\/posts\/6538","targetHints":{"allow":["GET"]}}],"collection":[{"href":"https:\/\/cultura.sma.gob.ar\/index.php?rest_route=\/wp\/v2\/posts"}],"about":[{"href":"https:\/\/cultura.sma.gob.ar\/index.php?rest_route=\/wp\/v2\/types\/post"}],"author":[{"embeddable":true,"href":"https:\/\/cultura.sma.gob.ar\/index.php?rest_route=\/wp\/v2\/users\/1"}],"replies":[{"embeddable":true,"href":"https:\/\/cultura.sma.gob.ar\/index.php?rest_route=%2Fwp%2Fv2%2Fcomments&post=6538"}],"version-history":[{"count":1,"href":"https:\/\/cultura.sma.gob.ar\/index.php?rest_route=\/wp\/v2\/posts\/6538\/revisions"}],"predecessor-version":[{"id":6540,"href":"https:\/\/cultura.sma.gob.ar\/index.php?rest_route=\/wp\/v2\/posts\/6538\/revisions\/6540"}],"wp:featuredmedia":[{"embeddable":true,"href":"https:\/\/cultura.sma.gob.ar\/index.php?rest_route=\/wp\/v2\/media\/297"}],"wp:attachment":[{"href":"https:\/\/cultura.sma.gob.ar\/index.php?rest_route=%2Fwp%2Fv2%2Fmedia&parent=6538"}],"wp:term":[{"taxonomy":"category","embeddable":true,"href":"https:\/\/cultura.sma.gob.ar\/index.php?rest_route=%2Fwp%2Fv2%2Fcategories&post=6538"},{"taxonomy":"post_tag","embeddable":true,"href":"https:\/\/cultura.sma.gob.ar\/index.php?rest_route=%2Fwp%2Fv2%2Ftags&post=6538"}],"curies":[{"name":"wp","href":"https:\/\/api.w.org\/{rel}","templated":true}]}}