{"id":6533,"date":"2025-05-14T17:52:39","date_gmt":"2025-05-14T20:52:39","guid":{"rendered":"http:\/\/cultura.sma.gob.ar\/?p=6533"},"modified":"2025-05-14T17:52:39","modified_gmt":"2025-05-14T20:52:39","slug":"convocatoria-para-cubrir-la-vacante-de-coordinador-a-de-la-orquesta-escuela-de-los-andes-de-la-municipalidad-de-san-martin-de-los-andes","status":"publish","type":"post","link":"https:\/\/cultura.sma.gob.ar\/?p=6533","title":{"rendered":"CONVOCATORIA PARA CUBRIR LA VACANTE DE COORDINADOR\/A DE LA ORQUESTA ESCUELA DE LOS ANDES DE LA MUNICIPALIDAD DE SAN MART\u00cdN DE LOS ANDES"},"content":{"rendered":"\n<figure class=\"wp-block-image size-large\"><img loading=\"lazy\" decoding=\"async\" width=\"478\" height=\"450\" src=\"https:\/\/cultura.sma.gob.ar\/wp-content\/uploads\/2025\/05\/Screenshot-2025-05-14-5.51.40-PM.png\" alt=\"\" class=\"wp-image-6534\" srcset=\"https:\/\/cultura.sma.gob.ar\/wp-content\/uploads\/2025\/05\/Screenshot-2025-05-14-5.51.40-PM.png 478w, https:\/\/cultura.sma.gob.ar\/wp-content\/uploads\/2025\/05\/Screenshot-2025-05-14-5.51.40-PM-300x282.png 300w, https:\/\/cultura.sma.gob.ar\/wp-content\/uploads\/2025\/05\/Screenshot-2025-05-14-5.51.40-PM-96x90.png 96w\" sizes=\"auto, (max-width: 478px) 100vw, 478px\" \/><\/figure>\n\n\n\n<p><strong>CONVOCATORIA PARA CUBRIR LA VACANTE DE COORDINADOR\/A DE LA ORQUESTA ESCUELA DE LOS ANDES DE LA MUNICIPALIDAD DE SAN MART\u00cdN DE LOS ANDES&nbsp;<\/strong><\/p>\n\n\n\n<p>La Secretar\u00eda de Cultura de la Municipalidad de San Mart\u00edn de los Andes convoca a interesados\/as en cubrir el cargo de COORDINADOR\/A de la Orquesta Escuela Los Andes, con una carga horaria de 15 horas c\u00e1tedra por semana.&nbsp;<\/p>\n\n\n\n<p><strong>CARACTER\u00cdSTICAS DEL CARGO:&nbsp;<\/strong><\/p>\n\n\n\n<p>La tarea de la coordinaci\u00f3n y asistencia en la Orquesta contempla el desarrollo de los v\u00ednculos hacia adentro y hacia afuera de la orquesta desde un perfil pr\u00e1ctico, de resoluci\u00f3n de problemas log\u00edsticos y de gesti\u00f3n cultural y social.&nbsp;<\/p>\n\n\n\n<p>Esta tarea, por lo dicho, incluye:&nbsp;<\/p>\n\n\n\n<ul class=\"wp-block-list\"><li>Mantener un buen v\u00ednculo con las y los beneficiarios del proyecto y sus familias<\/li><li>&nbsp;Sostener una estrecha relaci\u00f3n con el resto del equipo docente.<\/li><li>Ser parte de la comisi\u00f3n de docentes de la Orquesta que coordinan con la Secretar\u00eda de Cultura&nbsp; de la Municipalidad, y llevar a cabo las tareas administrativas que de ah\u00ed se desprendan.<\/li><li>&nbsp;Trabajar en red con los distintos espacios sociales, educativos y estatales que se ocupan de la infancia y la adolescencia dentro de la comisi\u00f3n docente correspondiente&nbsp;<\/li><li>&nbsp;Tener a cargo las tareas de comunicaci\u00f3n social de la Orquesta en los distintos medios de comunicaci\u00f3n y redes sociales&nbsp;&nbsp;<\/li><li>Relacionar a la Orquesta con otras instituciones de la comunidad y con los programas provinciales y nacionales de Orquestas.&nbsp;&nbsp;<\/li><li>Gestionar la participaci\u00f3n de la Orquesta en eventos, pedidos de subsidio, viajes, encuentros, y&nbsp; todo tipo de acciones que enriquezcan al proyecto.<\/li><li>Disponibilidad horaria: lunes o martes a partir de las 18hs, jueves de 16 a 21 hs. Y alg\u00fan horario por la ma\u00f1ana para labores administrativos.<\/li><li>Modalidad contractual: contrato por prestaci\u00f3n de servicios, es indispensable poseer monotributo.&nbsp;<\/li><\/ul>\n\n\n\n<p><strong>REQUERIMIENTOS&nbsp;<\/strong><\/p>\n\n\n\n<p>Su trabajo requerir\u00e1 una relaci\u00f3n con la Secretar\u00eda de Cultura y el equipo docente, y una identificaci\u00f3n plena con los objetivos de la Orquesta. Asimismo, se ponderar\u00e1 la predisposici\u00f3n y capacidad para trabajar en equipo, dada la esencia colectiva del proyecto. Se valorar\u00e1 la experiencia en gesti\u00f3n cultural, trabajos sociales y de comunicaci\u00f3n, y el manejo de las herramientas tecnol\u00f3gicas que la tarea demande. Se considerar\u00e1n los t\u00edtulos docentes para la educaci\u00f3n primaria y\/o media por ser un proyecto educativo para esa franja et\u00e1rea.<\/p>\n\n\n\n<p><strong>PRESENTACI\u00d3N&nbsp;<\/strong><\/p>\n\n\n\n<p>Las personas interesadas deben postularse mediante nota indicando la postulaci\u00f3n al cargo de coordinador\/a de la Orquesta Escuela de los Andes y curr\u00edculum vitae. Esta documentaci\u00f3n ser\u00e1 recibida en la Secretar\u00eda de Cultura, Cap. Drury 665, y por correo electr\u00f3nico a: educaci\u00f3n.sma2023@gmail.com y <a href=\"mailto:oedelosandes@gmail.com\">oedelosandes@gmail.com<\/a>.&nbsp;<\/p>\n\n\n\n<p><strong>Per\u00edodos de recepci\u00f3n de postulaciones: desde el 19 al 31 de mayo de 2025.<\/strong><\/p>\n\n\n\n<p>Las personas preseleccionadas pasar\u00e1n a una instancia de entrevista, donde se establecer\u00e1 un orden de m\u00e9rito.<\/p>\n","protected":false},"excerpt":{"rendered":"<p>CONVOCATORIA PARA CUBRIR LA VACANTE DE COORDINADOR\/A DE LA ORQUESTA ESCUELA DE LOS ANDES DE LA MUNICIPALIDAD DE SAN MART\u00cdN DE LOS ANDES&nbsp; La Secretar\u00eda de Cultura de la Municipalidad de San Mart\u00edn de los Andes convoca a interesados\/as en cubrir el cargo de COORDINADOR\/A de la Orquesta Escuela Los Andes, con una carga horaria de 15 horas c\u00e1tedra por semana.&nbsp; CARACTER\u00cdSTICAS DEL CARGO:&nbsp; La &hellip; <a href=\"https:\/\/cultura.sma.gob.ar\/?p=6533\" class=\"more-link\">Continue reading <span class=\"screen-reader-text\">CONVOCATORIA PARA CUBRIR LA VACANTE DE COORDINADOR\/A DE LA ORQUESTA ESCUELA DE LOS ANDES DE LA MUNICIPALIDAD DE SAN MART\u00cdN DE LOS ANDES<\/span><\/a><\/p>\n","protected":false},"author":1,"featured_media":293,"comment_status":"closed","ping_status":"","sticky":false,"template":"","format":"image","meta":{"footnotes":""},"categories":[7,9],"tags":[],"class_list":["post-6533","post","type-post","status-publish","format-image","has-post-thumbnail","hentry","category-talleres-cultura","category-ultimas-noticias","post_format-post-format-image"],"_links":{"self":[{"href":"https:\/\/cultura.sma.gob.ar\/index.php?rest_route=\/wp\/v2\/posts\/6533","targetHints":{"allow":["GET"]}}],"collection":[{"href":"https:\/\/cultura.sma.gob.ar\/index.php?rest_route=\/wp\/v2\/posts"}],"about":[{"href":"https:\/\/cultura.sma.gob.ar\/index.php?rest_route=\/wp\/v2\/types\/post"}],"author":[{"embeddable":true,"href":"https:\/\/cultura.sma.gob.ar\/index.php?rest_route=\/wp\/v2\/users\/1"}],"replies":[{"embeddable":true,"href":"https:\/\/cultura.sma.gob.ar\/index.php?rest_route=%2Fwp%2Fv2%2Fcomments&post=6533"}],"version-history":[{"count":1,"href":"https:\/\/cultura.sma.gob.ar\/index.php?rest_route=\/wp\/v2\/posts\/6533\/revisions"}],"predecessor-version":[{"id":6535,"href":"https:\/\/cultura.sma.gob.ar\/index.php?rest_route=\/wp\/v2\/posts\/6533\/revisions\/6535"}],"wp:featuredmedia":[{"embeddable":true,"href":"https:\/\/cultura.sma.gob.ar\/index.php?rest_route=\/wp\/v2\/media\/293"}],"wp:attachment":[{"href":"https:\/\/cultura.sma.gob.ar\/index.php?rest_route=%2Fwp%2Fv2%2Fmedia&parent=6533"}],"wp:term":[{"taxonomy":"category","embeddable":true,"href":"https:\/\/cultura.sma.gob.ar\/index.php?rest_route=%2Fwp%2Fv2%2Fcategories&post=6533"},{"taxonomy":"post_tag","embeddable":true,"href":"https:\/\/cultura.sma.gob.ar\/index.php?rest_route=%2Fwp%2Fv2%2Ftags&post=6533"}],"curies":[{"name":"wp","href":"https:\/\/api.w.org\/{rel}","templated":true}]}}