{"id":6524,"date":"2025-05-07T16:44:12","date_gmt":"2025-05-07T19:44:12","guid":{"rendered":"http:\/\/cultura.sma.gob.ar\/?p=6524"},"modified":"2025-05-07T16:44:12","modified_gmt":"2025-05-07T19:44:12","slug":"17-festival-internacional-de-titeres-pabla-arias-y-su-arte-urbano-llegan-a-la-sala-lidaura-chapitel","status":"publish","type":"post","link":"https:\/\/cultura.sma.gob.ar\/?p=6524","title":{"rendered":"17\u00b0 FESTIVAL INTERNACIONAL DE T\u00cdTERES: PABLA ARIAS Y SU ARTE URBANO LLEGAN A LA SALA LIDAURA CHAPITEL"},"content":{"rendered":"\n<figure class=\"wp-block-image size-large\"><img loading=\"lazy\" decoding=\"async\" width=\"819\" height=\"1024\" src=\"https:\/\/cultura.sma.gob.ar\/wp-content\/uploads\/2025\/05\/WhatsApp-Image-2025-05-07-at-4.42.21-PM-819x1024.jpeg\" alt=\"\" class=\"wp-image-6525\" srcset=\"https:\/\/cultura.sma.gob.ar\/wp-content\/uploads\/2025\/05\/WhatsApp-Image-2025-05-07-at-4.42.21-PM-819x1024.jpeg 819w, https:\/\/cultura.sma.gob.ar\/wp-content\/uploads\/2025\/05\/WhatsApp-Image-2025-05-07-at-4.42.21-PM-240x300.jpeg 240w, https:\/\/cultura.sma.gob.ar\/wp-content\/uploads\/2025\/05\/WhatsApp-Image-2025-05-07-at-4.42.21-PM-768x960.jpeg 768w, https:\/\/cultura.sma.gob.ar\/wp-content\/uploads\/2025\/05\/WhatsApp-Image-2025-05-07-at-4.42.21-PM-72x90.jpeg 72w, https:\/\/cultura.sma.gob.ar\/wp-content\/uploads\/2025\/05\/WhatsApp-Image-2025-05-07-at-4.42.21-PM.jpeg 1024w\" sizes=\"auto, (max-width: 819px) 100vw, 819px\" \/><\/figure>\n\n\n\n<p>Una nueva edici\u00f3n del Festival Internacional de T\u00edteres llega a la sala de exposiciones Lidaura Chapitel con la muestra de arte urbano CONEXI\u00d3N &#8211; EL ARTE DE LA CALLE, de PABLA ARIAS, artista muralista, grafitera e ilustradora de la ciudad de Neuqu\u00e9n.<\/p>\n\n\n\n<p>Gracias a Fundaci\u00f3n OSDE, que co-organiza y respalda las exhibiciones del Festival a lo largo de sus diferentes ediciones, arriba esta propuesta de arte callejero dise\u00f1ada especialmente para el espacio de la sala y para las infancias sanmartinenses<\/p>\n\n\n\n<p>El Osi, personaje emblem\u00e1tico creado por Miss Ojos-Pabla Arias, habita las calles de la ciudad neuquina y llega a nuestra localidad, expandiendo su territorio.<\/p>\n\n\n\n<p><strong>La muestra se inaugurar\u00e1 este domingo 11 de mayo, a las 20 hs, con la presencia de la artista, y se podr\u00e1 visitar hasta el 23 de mayo.\u00a0<\/strong><\/p>\n\n\n\n<p>Miles de chicas y chicos de los jardines y escuelas visitar\u00e1n esta muestra que estar\u00e1 abierta de lunes a viernes (de 9 a 17 hs para visitas escolares y de 17 a 20 hs para p\u00fablico en general) y tambi\u00e9n el d\u00eda s\u00e1bado (de 15 a 19hs).<\/p>\n\n\n\n<p><strong>Talleres gratuitos<\/strong><\/p>\n\n\n\n<p>Durante su estad\u00eda en San Mart\u00edn del los Andes, Pabla Arias ofrecer\u00e1 dos talleres gratuitos en la sala Lidaura Chapitel.\u00a0<\/p>\n\n\n\n<p>El<strong> jueves 15 de mayo,<\/strong> a las 18 hs, brindar\u00e1 el taller CREACI\u00d3N DE PERSONAJES, destinado a ni\u00f1as y ni\u00f1os de entre 7 y 12 a\u00f1os (para participar solo ser\u00e1 necesario traer una cartuchera con tus \u00fatiles preferidos).\u00a0<\/p>\n\n\n\n<p>Y e<strong>l viernes 16 de mayo,<\/strong> a las 18 hs, la artista realizar\u00e1 un ENCUENTRO DE ARTE URBANO para j\u00f3venes y adultos, con la intenci\u00f3n de intercambiar ideas, saberes, herramientas, t\u00e9cnicas y experiencias.<\/p>\n\n\n\n<p><strong>Ambas actividades requieren inscripci\u00f3n previa a trav\u00e9s del mail salamunicipal.chapitel@gmail.com, o por tel\u00e9fono al (2972) 427315, int. 361, de lunes a viernes, de 15 a 20 hs.<\/strong><\/p>\n\n\n\n<p>Tanto la muestra CONEXI\u00d3N &#8211; EL ARTE DE LA CALLE como los talleres, est\u00e1n organizados por Fundaci\u00f3n OSDE, conjuntamente con la Secretar\u00eda de Cultura de San Mart\u00edn de los Andes y La Pelela T\u00edteres, en el marco del 17\u00b0 Festival Internacional de T\u00edteres.<\/p>\n","protected":false},"excerpt":{"rendered":"<p>Una nueva edici\u00f3n del Festival Internacional de T\u00edteres llega a la sala de exposiciones Lidaura Chapitel con la muestra de arte urbano CONEXI\u00d3N &#8211; EL ARTE DE LA CALLE, de PABLA ARIAS, artista muralista, grafitera e ilustradora de la ciudad de Neuqu\u00e9n. Gracias a Fundaci\u00f3n OSDE, que co-organiza y respalda las exhibiciones del Festival a lo largo de sus diferentes ediciones, arriba esta propuesta de &hellip; <a href=\"https:\/\/cultura.sma.gob.ar\/?p=6524\" class=\"more-link\">Continue reading <span class=\"screen-reader-text\">17\u00b0 FESTIVAL INTERNACIONAL DE T\u00cdTERES: PABLA ARIAS Y SU ARTE URBANO LLEGAN A LA SALA LIDAURA CHAPITEL<\/span><\/a><\/p>\n","protected":false},"author":1,"featured_media":295,"comment_status":"closed","ping_status":"","sticky":false,"template":"","format":"image","meta":{"footnotes":""},"categories":[6,9],"tags":[],"class_list":["post-6524","post","type-post","status-publish","format-image","has-post-thumbnail","hentry","category-sala-lidaura-chapitel","category-ultimas-noticias","post_format-post-format-image"],"_links":{"self":[{"href":"https:\/\/cultura.sma.gob.ar\/index.php?rest_route=\/wp\/v2\/posts\/6524","targetHints":{"allow":["GET"]}}],"collection":[{"href":"https:\/\/cultura.sma.gob.ar\/index.php?rest_route=\/wp\/v2\/posts"}],"about":[{"href":"https:\/\/cultura.sma.gob.ar\/index.php?rest_route=\/wp\/v2\/types\/post"}],"author":[{"embeddable":true,"href":"https:\/\/cultura.sma.gob.ar\/index.php?rest_route=\/wp\/v2\/users\/1"}],"replies":[{"embeddable":true,"href":"https:\/\/cultura.sma.gob.ar\/index.php?rest_route=%2Fwp%2Fv2%2Fcomments&post=6524"}],"version-history":[{"count":1,"href":"https:\/\/cultura.sma.gob.ar\/index.php?rest_route=\/wp\/v2\/posts\/6524\/revisions"}],"predecessor-version":[{"id":6526,"href":"https:\/\/cultura.sma.gob.ar\/index.php?rest_route=\/wp\/v2\/posts\/6524\/revisions\/6526"}],"wp:featuredmedia":[{"embeddable":true,"href":"https:\/\/cultura.sma.gob.ar\/index.php?rest_route=\/wp\/v2\/media\/295"}],"wp:attachment":[{"href":"https:\/\/cultura.sma.gob.ar\/index.php?rest_route=%2Fwp%2Fv2%2Fmedia&parent=6524"}],"wp:term":[{"taxonomy":"category","embeddable":true,"href":"https:\/\/cultura.sma.gob.ar\/index.php?rest_route=%2Fwp%2Fv2%2Fcategories&post=6524"},{"taxonomy":"post_tag","embeddable":true,"href":"https:\/\/cultura.sma.gob.ar\/index.php?rest_route=%2Fwp%2Fv2%2Ftags&post=6524"}],"curies":[{"name":"wp","href":"https:\/\/api.w.org\/{rel}","templated":true}]}}