{"id":6519,"date":"2025-05-02T09:29:48","date_gmt":"2025-05-02T12:29:48","guid":{"rendered":"http:\/\/cultura.sma.gob.ar\/?p=6519"},"modified":"2025-05-11T12:26:31","modified_gmt":"2025-05-11T15:26:31","slug":"se-viene-el-17-festival-internacional-de-titeres","status":"publish","type":"post","link":"https:\/\/cultura.sma.gob.ar\/?p=6519","title":{"rendered":"Se viene el 17\u00b0 Festival Internacional de T\u00edteres"},"content":{"rendered":"\n<figure class=\"wp-block-image size-large\"><img loading=\"lazy\" decoding=\"async\" width=\"494\" height=\"620\" src=\"https:\/\/cultura.sma.gob.ar\/wp-content\/uploads\/2025\/05\/Screenshot-2025-05-02-9.28.26-AM.png\" alt=\"\" class=\"wp-image-6520\" srcset=\"https:\/\/cultura.sma.gob.ar\/wp-content\/uploads\/2025\/05\/Screenshot-2025-05-02-9.28.26-AM.png 494w, https:\/\/cultura.sma.gob.ar\/wp-content\/uploads\/2025\/05\/Screenshot-2025-05-02-9.28.26-AM-239x300.png 239w, https:\/\/cultura.sma.gob.ar\/wp-content\/uploads\/2025\/05\/Screenshot-2025-05-02-9.28.26-AM-72x90.png 72w\" sizes=\"auto, (max-width: 494px) 100vw, 494px\" \/><\/figure>\n\n\n\n<p>La Secretar\u00eda de Cultura de San Mart\u00edn de los Andes, en conjunto con la Secretar\u00eda de las Culturas de Jun\u00edn de los Andes y el grupo La Pelela T\u00edteres, invita a vecinos y vecinas de toda la comunidad a participar de esta nueva edici\u00f3n del Festival de T\u00edteres, que se desarrollar\u00e1 en nuestra ciudad del 11 al 18 de mayo, con el apoyo del Gobierno de la Provincia del Neuqu\u00e9n a trav\u00e9s del Ministerio de Desarrollo Humano, Gobiernos Locales y Mujeres.<\/p>\n\n\n\n<p>El evento se llevar\u00e1 a cabo tambi\u00e9n en las localidades de Jun\u00edn de los Andes, Villa la Angostura, Pilo Lil y Villa Traful<\/p>\n\n\n\n<p>Este domingo 11 de mayo, a las 19.00hs, se inaugurar\u00e1 el Festival con una funci\u00f3n de t\u00edteres gratuita y apta para todo p\u00fablico en el Teatro San Jos\u00e9. Se trata de la obra \u201cEnderas Masugui\u201d de la compa\u00f1\u00eda El Alma en un Hilo de la provincia de Mendoza.<\/p>\n\n\n\n<p>Las entradas gratuitas podr\u00e1n retirarse el jueves 8 y el viernes 9 en el mismo teatro, desde las 9 hasta las 18hs. Se recomienda hacerlo con la mayor antelaci\u00f3n posible dado que la capacidad de la sala es limitada. Se entregar\u00e1n hasta 5 entradas por grupo familiar.<\/p>\n\n\n\n<p>Una vez finalizada esta funci\u00f3n, se inaugurar\u00e1, a las 20 hs en la Sala Lidaura Chapitel, la muestra \u201cConexi\u00f3n: arte de la calle\u201d de la artista Pabla Arias, exponente del arte urbano neuquino.<\/p>\n\n\n\n<p>El 17\u00b0 Festival Internacional de T\u00edteres incluir\u00e1 un total de 46 funciones en San Mart\u00edn de los Andes, a cargo de compa\u00f1\u00edas de C\u00f3rdoba, Mendoza, Buenos Aires y Villa Pehuenia.<\/p>\n\n\n\n<p>Entre el lunes 12 y el viernes 16 se ofrecer\u00e1n cuarenta funciones gratuitas para escuelas y jardines en el Teatro San Jos\u00e9, Espacio Trama y la Escuela 359. Y el s\u00e1bado 17 y domingo 18 de mayo se ofrecer\u00e1n cinco funciones m\u00e1s, para toda la familia, en el Teatro San Jos\u00e9.<\/p>\n\n\n\n<p>En relaci\u00f3n a la muestra \u201cConexi\u00f3n: arte de la calle\u201d recibir\u00e1 tambi\u00e9n la visita de las escuelas y jardines y, desde luego, podr\u00e1 ser visitada por el p\u00fablico en general. Permanecer\u00e1 abierta hasta el 23 de mayo, de lunes a viernes de 9 a 12 y de 14 a 20 hs y el s\u00e1bado de 15 a 19 hs.<\/p>\n\n\n\n<p>Adem\u00e1s, el festival incluir\u00e1 dos talleres de creaci\u00f3n de personajes, tambi\u00e9n a cargo de la artista Pabla Arias (pr\u00f3ximamente se anunciar\u00e1n los d\u00edas y horarios y se abrir\u00e1n las inscripciones).<\/p>\n\n\n\n<p>Tanto la muestra como los talleres de Pablas Arias se realizan junto a Fundaci\u00f3n OSDE, que desde hace doce a\u00f1os viene potenciando este festival, al facilitar la realizaci\u00f3n de muestras y talleres que complementan su propuesta.<\/p>\n\n\n\n<p><\/p>\n","protected":false},"excerpt":{"rendered":"<p>La Secretar\u00eda de Cultura de San Mart\u00edn de los Andes, en conjunto con la Secretar\u00eda de las Culturas de Jun\u00edn de los Andes y el grupo La Pelela T\u00edteres, invita a vecinos y vecinas de toda la comunidad a participar de esta nueva edici\u00f3n del Festival de T\u00edteres, que se desarrollar\u00e1 en nuestra ciudad del 11 al 18 de mayo, con el apoyo del Gobierno &hellip; <a href=\"https:\/\/cultura.sma.gob.ar\/?p=6519\" class=\"more-link\">Continue reading <span class=\"screen-reader-text\">Se viene el 17\u00b0 Festival Internacional de T\u00edteres<\/span><\/a><\/p>\n","protected":false},"author":1,"featured_media":296,"comment_status":"closed","ping_status":"","sticky":false,"template":"","format":"image","meta":{"footnotes":""},"categories":[3,8],"tags":[],"class_list":["post-6519","post","type-post","status-publish","format-image","has-post-thumbnail","hentry","category-eventos-cultura","category-teatro-san-jose","post_format-post-format-image"],"_links":{"self":[{"href":"https:\/\/cultura.sma.gob.ar\/index.php?rest_route=\/wp\/v2\/posts\/6519","targetHints":{"allow":["GET"]}}],"collection":[{"href":"https:\/\/cultura.sma.gob.ar\/index.php?rest_route=\/wp\/v2\/posts"}],"about":[{"href":"https:\/\/cultura.sma.gob.ar\/index.php?rest_route=\/wp\/v2\/types\/post"}],"author":[{"embeddable":true,"href":"https:\/\/cultura.sma.gob.ar\/index.php?rest_route=\/wp\/v2\/users\/1"}],"replies":[{"embeddable":true,"href":"https:\/\/cultura.sma.gob.ar\/index.php?rest_route=%2Fwp%2Fv2%2Fcomments&post=6519"}],"version-history":[{"count":4,"href":"https:\/\/cultura.sma.gob.ar\/index.php?rest_route=\/wp\/v2\/posts\/6519\/revisions"}],"predecessor-version":[{"id":6532,"href":"https:\/\/cultura.sma.gob.ar\/index.php?rest_route=\/wp\/v2\/posts\/6519\/revisions\/6532"}],"wp:featuredmedia":[{"embeddable":true,"href":"https:\/\/cultura.sma.gob.ar\/index.php?rest_route=\/wp\/v2\/media\/296"}],"wp:attachment":[{"href":"https:\/\/cultura.sma.gob.ar\/index.php?rest_route=%2Fwp%2Fv2%2Fmedia&parent=6519"}],"wp:term":[{"taxonomy":"category","embeddable":true,"href":"https:\/\/cultura.sma.gob.ar\/index.php?rest_route=%2Fwp%2Fv2%2Fcategories&post=6519"},{"taxonomy":"post_tag","embeddable":true,"href":"https:\/\/cultura.sma.gob.ar\/index.php?rest_route=%2Fwp%2Fv2%2Ftags&post=6519"}],"curies":[{"name":"wp","href":"https:\/\/api.w.org\/{rel}","templated":true}]}}