{"id":6507,"date":"2025-04-22T09:00:21","date_gmt":"2025-04-22T12:00:21","guid":{"rendered":"http:\/\/cultura.sma.gob.ar\/?p=6507"},"modified":"2025-04-22T09:00:21","modified_gmt":"2025-04-22T12:00:21","slug":"vuelven-los-encuentros-con-artistas-a-la-sala-chapitel","status":"publish","type":"post","link":"https:\/\/cultura.sma.gob.ar\/?p=6507","title":{"rendered":"Vuelven los Encuentros con Artistas a la Sala Chapitel"},"content":{"rendered":"\n<figure class=\"wp-block-image size-large\"><img loading=\"lazy\" decoding=\"async\" width=\"1022\" height=\"1024\" src=\"https:\/\/cultura.sma.gob.ar\/wp-content\/uploads\/2025\/04\/encuentro-con-artistas-H-Torres-1022x1024.jpeg\" alt=\"\" class=\"wp-image-6508\" srcset=\"https:\/\/cultura.sma.gob.ar\/wp-content\/uploads\/2025\/04\/encuentro-con-artistas-H-Torres-1022x1024.jpeg 1022w, https:\/\/cultura.sma.gob.ar\/wp-content\/uploads\/2025\/04\/encuentro-con-artistas-H-Torres-300x300.jpeg 300w, https:\/\/cultura.sma.gob.ar\/wp-content\/uploads\/2025\/04\/encuentro-con-artistas-H-Torres-150x150.jpeg 150w, https:\/\/cultura.sma.gob.ar\/wp-content\/uploads\/2025\/04\/encuentro-con-artistas-H-Torres-768x770.jpeg 768w, https:\/\/cultura.sma.gob.ar\/wp-content\/uploads\/2025\/04\/encuentro-con-artistas-H-Torres-90x90.jpeg 90w, https:\/\/cultura.sma.gob.ar\/wp-content\/uploads\/2025\/04\/encuentro-con-artistas-H-Torres.jpeg 1277w\" sizes=\"auto, (max-width: 1022px) 100vw, 1022px\" \/><\/figure>\n\n\n\n<p>El<strong> jueves 24 a las 18 hs. Hebe Torres<\/strong> compartir\u00e1 con el p\u00fablico un recorrido en torno a su obra escult\u00f3rica reunida en la exposici\u00f3n REBELAR Y REVELAR, las ideas que motorizan su producci\u00f3n y la exploraci\u00f3n mat\u00e9rica de sus realizaciones.<\/p>\n\n\n\n<p>El <strong>martes 29 a las 18 hs Moni Moka<\/strong> abordar\u00e1 con el p\u00fablico sus exploraciones pl\u00e1sticas en torno a la contemplaci\u00f3n de la naturaleza y c\u00f3mo, de esas reflexiones y experiencias surgen las pinturas que componen LATIDOS NATURALES, exhibici\u00f3n que da marco a la actividad.<\/p>\n\n\n\n<figure class=\"wp-block-image size-large\"><img loading=\"lazy\" decoding=\"async\" width=\"1022\" height=\"1024\" src=\"https:\/\/cultura.sma.gob.ar\/wp-content\/uploads\/2025\/04\/encuentro-con-artistas-M-Moka-1022x1024.jpeg\" alt=\"\" class=\"wp-image-6509\" srcset=\"https:\/\/cultura.sma.gob.ar\/wp-content\/uploads\/2025\/04\/encuentro-con-artistas-M-Moka-1022x1024.jpeg 1022w, https:\/\/cultura.sma.gob.ar\/wp-content\/uploads\/2025\/04\/encuentro-con-artistas-M-Moka-300x300.jpeg 300w, https:\/\/cultura.sma.gob.ar\/wp-content\/uploads\/2025\/04\/encuentro-con-artistas-M-Moka-150x150.jpeg 150w, https:\/\/cultura.sma.gob.ar\/wp-content\/uploads\/2025\/04\/encuentro-con-artistas-M-Moka-768x770.jpeg 768w, https:\/\/cultura.sma.gob.ar\/wp-content\/uploads\/2025\/04\/encuentro-con-artistas-M-Moka-90x90.jpeg 90w, https:\/\/cultura.sma.gob.ar\/wp-content\/uploads\/2025\/04\/encuentro-con-artistas-M-Moka.jpeg 1277w\" sizes=\"auto, (max-width: 1022px) 100vw, 1022px\" \/><\/figure>\n\n\n\n<p>Ambas exhibiciones, junto con P\u00c1JARO, del artista\u00a0audiovisual de Alumin\u00e9, CARLOS MONTOYA, se podr\u00e1n visitar <strong>hasta el 30 de abril de lunes a viernes de 10 a 12 y de 16 a 20, s\u00e1bados de 15\u00a0 a 19 hs<\/strong>.<\/p>\n\n\n\n<p>Sala Municipal de Exposiciones Lidaura Chapitel<\/p>\n\n\n\n<p><strong>Entrada abierta y gratuita<\/strong><\/p>\n","protected":false},"excerpt":{"rendered":"<p>El jueves 24 a las 18 hs. Hebe Torres compartir\u00e1 con el p\u00fablico un recorrido en torno a su obra escult\u00f3rica reunida en la exposici\u00f3n REBELAR Y REVELAR, las ideas que motorizan su producci\u00f3n y la exploraci\u00f3n mat\u00e9rica de sus realizaciones. El martes 29 a las 18 hs Moni Moka abordar\u00e1 con el p\u00fablico sus exploraciones pl\u00e1sticas en torno a la contemplaci\u00f3n de la naturaleza &hellip; <a href=\"https:\/\/cultura.sma.gob.ar\/?p=6507\" class=\"more-link\">Continue reading <span class=\"screen-reader-text\">Vuelven los Encuentros con Artistas a la Sala Chapitel<\/span><\/a><\/p>\n","protected":false},"author":1,"featured_media":295,"comment_status":"closed","ping_status":"","sticky":false,"template":"","format":"image","meta":{"footnotes":""},"categories":[6,9],"tags":[97,96],"class_list":["post-6507","post","type-post","status-publish","format-image","has-post-thumbnail","hentry","category-sala-lidaura-chapitel","category-ultimas-noticias","tag-artistas","tag-eventos","post_format-post-format-image"],"_links":{"self":[{"href":"https:\/\/cultura.sma.gob.ar\/index.php?rest_route=\/wp\/v2\/posts\/6507","targetHints":{"allow":["GET"]}}],"collection":[{"href":"https:\/\/cultura.sma.gob.ar\/index.php?rest_route=\/wp\/v2\/posts"}],"about":[{"href":"https:\/\/cultura.sma.gob.ar\/index.php?rest_route=\/wp\/v2\/types\/post"}],"author":[{"embeddable":true,"href":"https:\/\/cultura.sma.gob.ar\/index.php?rest_route=\/wp\/v2\/users\/1"}],"replies":[{"embeddable":true,"href":"https:\/\/cultura.sma.gob.ar\/index.php?rest_route=%2Fwp%2Fv2%2Fcomments&post=6507"}],"version-history":[{"count":1,"href":"https:\/\/cultura.sma.gob.ar\/index.php?rest_route=\/wp\/v2\/posts\/6507\/revisions"}],"predecessor-version":[{"id":6510,"href":"https:\/\/cultura.sma.gob.ar\/index.php?rest_route=\/wp\/v2\/posts\/6507\/revisions\/6510"}],"wp:featuredmedia":[{"embeddable":true,"href":"https:\/\/cultura.sma.gob.ar\/index.php?rest_route=\/wp\/v2\/media\/295"}],"wp:attachment":[{"href":"https:\/\/cultura.sma.gob.ar\/index.php?rest_route=%2Fwp%2Fv2%2Fmedia&parent=6507"}],"wp:term":[{"taxonomy":"category","embeddable":true,"href":"https:\/\/cultura.sma.gob.ar\/index.php?rest_route=%2Fwp%2Fv2%2Fcategories&post=6507"},{"taxonomy":"post_tag","embeddable":true,"href":"https:\/\/cultura.sma.gob.ar\/index.php?rest_route=%2Fwp%2Fv2%2Ftags&post=6507"}],"curies":[{"name":"wp","href":"https:\/\/api.w.org\/{rel}","templated":true}]}}