{"id":6493,"date":"2025-04-07T18:22:22","date_gmt":"2025-04-07T21:22:22","guid":{"rendered":"http:\/\/cultura.sma.gob.ar\/?p=6493"},"modified":"2025-04-07T18:22:22","modified_gmt":"2025-04-07T21:22:22","slug":"este-fin-de-semana-se-estrena-el-documental-osvaldo-en-espacio-trama","status":"publish","type":"post","link":"https:\/\/cultura.sma.gob.ar\/?p=6493","title":{"rendered":"Este fin de semana se estrena el documental &#8220;Osvaldo&#8221; en Espacio Trama"},"content":{"rendered":"\n<figure class=\"wp-block-image size-large\"><img loading=\"lazy\" decoding=\"async\" width=\"724\" height=\"1024\" src=\"https:\/\/cultura.sma.gob.ar\/wp-content\/uploads\/2025\/04\/WhatsApp-Image-2025-04-02-at-3.05.01-PM-724x1024.jpeg\" alt=\"\" class=\"wp-image-6494\" srcset=\"https:\/\/cultura.sma.gob.ar\/wp-content\/uploads\/2025\/04\/WhatsApp-Image-2025-04-02-at-3.05.01-PM-724x1024.jpeg 724w, https:\/\/cultura.sma.gob.ar\/wp-content\/uploads\/2025\/04\/WhatsApp-Image-2025-04-02-at-3.05.01-PM-212x300.jpeg 212w, https:\/\/cultura.sma.gob.ar\/wp-content\/uploads\/2025\/04\/WhatsApp-Image-2025-04-02-at-3.05.01-PM-768x1086.jpeg 768w, https:\/\/cultura.sma.gob.ar\/wp-content\/uploads\/2025\/04\/WhatsApp-Image-2025-04-02-at-3.05.01-PM-1086x1536.jpeg 1086w, https:\/\/cultura.sma.gob.ar\/wp-content\/uploads\/2025\/04\/WhatsApp-Image-2025-04-02-at-3.05.01-PM-64x90.jpeg 64w, https:\/\/cultura.sma.gob.ar\/wp-content\/uploads\/2025\/04\/WhatsApp-Image-2025-04-02-at-3.05.01-PM.jpeg 1131w\" sizes=\"auto, (max-width: 724px) 100vw, 724px\" \/><\/figure>\n\n\n\n<p>Proyecci\u00f3n del documental &#8220;OSVALDO&#8221;, que retrata la vida de Pugliese con la participaci\u00f3n de artistas de toda la Argentina. Representando a la Patagonia est\u00e1n los profesores y bailarines Marcos Avil\u00e9s y Anal\u00eda Braun. <\/p>\n\n\n\n<p>Adem\u00e1s, Nicol\u00e1s Art\u00edn, el director del film, estar\u00e1 presente en la presentaci\u00f3n y dar\u00e1 clases de tango.<\/p>\n\n\n\n<p>\ud83d\udccd Espacio Trama (Gral. Roca 310)<br>\ud83c\udfa5 Un viaje de 35.000 km de tango, inspirado en Osvaldo Pugliese.<\/p>\n\n\n\n<p>\ud83d\udd39 S\u00e1bado 12 de abril \u2013 \u23f0 20:30 hs<br>\ud83d\udd39 Domingo 13 de abril \u2013 \u23f0 19:00 hs<\/p>\n\n\n\n<p>Entradas $9000<\/p>\n\n\n\n<figure class=\"wp-block-image size-large\"><img loading=\"lazy\" decoding=\"async\" width=\"724\" height=\"1024\" src=\"https:\/\/cultura.sma.gob.ar\/wp-content\/uploads\/2025\/04\/WhatsApp-Image-2025-04-02-at-3.05.02-PM-724x1024.jpeg\" alt=\"\" class=\"wp-image-6495\" srcset=\"https:\/\/cultura.sma.gob.ar\/wp-content\/uploads\/2025\/04\/WhatsApp-Image-2025-04-02-at-3.05.02-PM-724x1024.jpeg 724w, https:\/\/cultura.sma.gob.ar\/wp-content\/uploads\/2025\/04\/WhatsApp-Image-2025-04-02-at-3.05.02-PM-212x300.jpeg 212w, https:\/\/cultura.sma.gob.ar\/wp-content\/uploads\/2025\/04\/WhatsApp-Image-2025-04-02-at-3.05.02-PM-768x1086.jpeg 768w, https:\/\/cultura.sma.gob.ar\/wp-content\/uploads\/2025\/04\/WhatsApp-Image-2025-04-02-at-3.05.02-PM-1086x1536.jpeg 1086w, https:\/\/cultura.sma.gob.ar\/wp-content\/uploads\/2025\/04\/WhatsApp-Image-2025-04-02-at-3.05.02-PM-64x90.jpeg 64w, https:\/\/cultura.sma.gob.ar\/wp-content\/uploads\/2025\/04\/WhatsApp-Image-2025-04-02-at-3.05.02-PM.jpeg 1131w\" sizes=\"auto, (max-width: 724px) 100vw, 724px\" \/><\/figure>\n","protected":false},"excerpt":{"rendered":"<p>Proyecci\u00f3n del documental &#8220;OSVALDO&#8221;, que retrata la vida de Pugliese con la participaci\u00f3n de artistas de toda la Argentina. Representando a la Patagonia est\u00e1n los profesores y bailarines Marcos Avil\u00e9s y Anal\u00eda Braun. Adem\u00e1s, Nicol\u00e1s Art\u00edn, el director del film, estar\u00e1 presente en la presentaci\u00f3n y dar\u00e1 clases de tango. \ud83d\udccd Espacio Trama (Gral. Roca 310)\ud83c\udfa5 Un viaje de 35.000 km de tango, inspirado en &hellip; <a href=\"https:\/\/cultura.sma.gob.ar\/?p=6493\" class=\"more-link\">Continue reading <span class=\"screen-reader-text\">Este fin de semana se estrena el documental &#8220;Osvaldo&#8221; en Espacio Trama<\/span><\/a><\/p>\n","protected":false},"author":1,"featured_media":297,"comment_status":"closed","ping_status":"","sticky":false,"template":"","format":"image","meta":{"footnotes":""},"categories":[2],"tags":[],"class_list":["post-6493","post","type-post","status-publish","format-image","has-post-thumbnail","hentry","category-ciudad-cultural","post_format-post-format-image"],"_links":{"self":[{"href":"https:\/\/cultura.sma.gob.ar\/index.php?rest_route=\/wp\/v2\/posts\/6493","targetHints":{"allow":["GET"]}}],"collection":[{"href":"https:\/\/cultura.sma.gob.ar\/index.php?rest_route=\/wp\/v2\/posts"}],"about":[{"href":"https:\/\/cultura.sma.gob.ar\/index.php?rest_route=\/wp\/v2\/types\/post"}],"author":[{"embeddable":true,"href":"https:\/\/cultura.sma.gob.ar\/index.php?rest_route=\/wp\/v2\/users\/1"}],"replies":[{"embeddable":true,"href":"https:\/\/cultura.sma.gob.ar\/index.php?rest_route=%2Fwp%2Fv2%2Fcomments&post=6493"}],"version-history":[{"count":1,"href":"https:\/\/cultura.sma.gob.ar\/index.php?rest_route=\/wp\/v2\/posts\/6493\/revisions"}],"predecessor-version":[{"id":6496,"href":"https:\/\/cultura.sma.gob.ar\/index.php?rest_route=\/wp\/v2\/posts\/6493\/revisions\/6496"}],"wp:featuredmedia":[{"embeddable":true,"href":"https:\/\/cultura.sma.gob.ar\/index.php?rest_route=\/wp\/v2\/media\/297"}],"wp:attachment":[{"href":"https:\/\/cultura.sma.gob.ar\/index.php?rest_route=%2Fwp%2Fv2%2Fmedia&parent=6493"}],"wp:term":[{"taxonomy":"category","embeddable":true,"href":"https:\/\/cultura.sma.gob.ar\/index.php?rest_route=%2Fwp%2Fv2%2Fcategories&post=6493"},{"taxonomy":"post_tag","embeddable":true,"href":"https:\/\/cultura.sma.gob.ar\/index.php?rest_route=%2Fwp%2Fv2%2Ftags&post=6493"}],"curies":[{"name":"wp","href":"https:\/\/api.w.org\/{rel}","templated":true}]}}