{"id":6472,"date":"2025-03-26T12:19:56","date_gmt":"2025-03-26T15:19:56","guid":{"rendered":"http:\/\/cultura.sma.gob.ar\/?p=6472"},"modified":"2025-03-26T16:30:55","modified_gmt":"2025-03-26T19:30:55","slug":"en-abril-comienzan-los-talleres-gratuitos-en-las-estaciones-culturales","status":"publish","type":"post","link":"https:\/\/cultura.sma.gob.ar\/?p=6472","title":{"rendered":"En abril comienzan los talleres gratuitos en las Estaciones Culturales"},"content":{"rendered":"\n<p>La semana que viene comienzan las inscripciones para los talleres culturales gratuitos que se dictan en 3 sedes: en Cordones del Chapelco (CIC &#8211; Cerro de la Virgen 1845), en Vega Centro (Santa fe 447) o en el Arenal (Pichi Rayen Los Chapeles y Los Cerezos). Las clases comienzan la segunda semana de abril (7 al 11\/04).<\/p>\n\n\n\n<p>Fijate todas las propuestas que hay disponibles y anotate directamente en cada delegaci\u00f3n municipal, en los d\u00edas y horarios que se indican a continuaci\u00f3n.<\/p>\n\n\n\n<div class=\"wp-block-jetpack-slideshow aligncenter\" data-effect=\"slide\"><div class=\"wp-block-jetpack-slideshow_container swiper-container\"><ul class=\"wp-block-jetpack-slideshow_swiper-wrapper swiper-wrapper\"><li class=\"wp-block-jetpack-slideshow_slide swiper-slide\"><figure><img loading=\"lazy\" decoding=\"async\" width=\"2048\" height=\"2560\" alt=\"\" class=\"wp-block-jetpack-slideshow_image wp-image-6473\" data-id=\"6473\" src=\"http:\/\/cultura.sma.gob.ar\/wp-content\/uploads\/2025\/03\/EC-grilla-Vega_4x5-scaled.jpg\" srcset=\"https:\/\/cultura.sma.gob.ar\/wp-content\/uploads\/2025\/03\/EC-grilla-Vega_4x5-scaled.jpg 2048w, https:\/\/cultura.sma.gob.ar\/wp-content\/uploads\/2025\/03\/EC-grilla-Vega_4x5-240x300.jpg 240w, https:\/\/cultura.sma.gob.ar\/wp-content\/uploads\/2025\/03\/EC-grilla-Vega_4x5-819x1024.jpg 819w, https:\/\/cultura.sma.gob.ar\/wp-content\/uploads\/2025\/03\/EC-grilla-Vega_4x5-768x960.jpg 768w, https:\/\/cultura.sma.gob.ar\/wp-content\/uploads\/2025\/03\/EC-grilla-Vega_4x5-1229x1536.jpg 1229w, https:\/\/cultura.sma.gob.ar\/wp-content\/uploads\/2025\/03\/EC-grilla-Vega_4x5-1639x2048.jpg 1639w, https:\/\/cultura.sma.gob.ar\/wp-content\/uploads\/2025\/03\/EC-grilla-Vega_4x5-72x90.jpg 72w\" sizes=\"auto, (max-width: 2048px) 100vw, 2048px\" \/><\/figure><\/li><li class=\"wp-block-jetpack-slideshow_slide swiper-slide\"><figure><img loading=\"lazy\" decoding=\"async\" width=\"2048\" height=\"2560\" alt=\"\" class=\"wp-block-jetpack-slideshow_image wp-image-6481\" data-id=\"6481\" src=\"http:\/\/cultura.sma.gob.ar\/wp-content\/uploads\/2025\/03\/EC-grilla-CChapelco_4x5-1-scaled.jpg\" srcset=\"https:\/\/cultura.sma.gob.ar\/wp-content\/uploads\/2025\/03\/EC-grilla-CChapelco_4x5-1-scaled.jpg 2048w, https:\/\/cultura.sma.gob.ar\/wp-content\/uploads\/2025\/03\/EC-grilla-CChapelco_4x5-1-240x300.jpg 240w, https:\/\/cultura.sma.gob.ar\/wp-content\/uploads\/2025\/03\/EC-grilla-CChapelco_4x5-1-819x1024.jpg 819w, https:\/\/cultura.sma.gob.ar\/wp-content\/uploads\/2025\/03\/EC-grilla-CChapelco_4x5-1-768x960.jpg 768w, https:\/\/cultura.sma.gob.ar\/wp-content\/uploads\/2025\/03\/EC-grilla-CChapelco_4x5-1-1229x1536.jpg 1229w, https:\/\/cultura.sma.gob.ar\/wp-content\/uploads\/2025\/03\/EC-grilla-CChapelco_4x5-1-1639x2048.jpg 1639w, https:\/\/cultura.sma.gob.ar\/wp-content\/uploads\/2025\/03\/EC-grilla-CChapelco_4x5-1-72x90.jpg 72w\" sizes=\"auto, (max-width: 2048px) 100vw, 2048px\" \/><\/figure><\/li><li class=\"wp-block-jetpack-slideshow_slide swiper-slide\"><figure><img loading=\"lazy\" decoding=\"async\" width=\"2048\" height=\"2560\" alt=\"\" class=\"wp-block-jetpack-slideshow_image wp-image-6482\" data-id=\"6482\" src=\"http:\/\/cultura.sma.gob.ar\/wp-content\/uploads\/2025\/03\/EC-grilla-Arenal_4x5-1-scaled.jpg\" srcset=\"https:\/\/cultura.sma.gob.ar\/wp-content\/uploads\/2025\/03\/EC-grilla-Arenal_4x5-1-scaled.jpg 2048w, https:\/\/cultura.sma.gob.ar\/wp-content\/uploads\/2025\/03\/EC-grilla-Arenal_4x5-1-240x300.jpg 240w, https:\/\/cultura.sma.gob.ar\/wp-content\/uploads\/2025\/03\/EC-grilla-Arenal_4x5-1-819x1024.jpg 819w, https:\/\/cultura.sma.gob.ar\/wp-content\/uploads\/2025\/03\/EC-grilla-Arenal_4x5-1-768x960.jpg 768w, https:\/\/cultura.sma.gob.ar\/wp-content\/uploads\/2025\/03\/EC-grilla-Arenal_4x5-1-1229x1536.jpg 1229w, https:\/\/cultura.sma.gob.ar\/wp-content\/uploads\/2025\/03\/EC-grilla-Arenal_4x5-1-1639x2048.jpg 1639w, https:\/\/cultura.sma.gob.ar\/wp-content\/uploads\/2025\/03\/EC-grilla-Arenal_4x5-1-72x90.jpg 72w\" sizes=\"auto, (max-width: 2048px) 100vw, 2048px\" \/><\/figure><\/li><\/ul><a class=\"wp-block-jetpack-slideshow_button-prev swiper-button-prev swiper-button-white\" role=\"button\"><\/a><a class=\"wp-block-jetpack-slideshow_button-next swiper-button-next swiper-button-white\" role=\"button\"><\/a><a aria-label=\"Pause Slideshow\" class=\"wp-block-jetpack-slideshow_button-pause\" role=\"button\"><\/a><div class=\"wp-block-jetpack-slideshow_pagination swiper-pagination swiper-pagination-white\"><\/div><\/div><\/div>\n\n\n\n<p><strong>Las inscripciones a los talleres comienzan de forma presencial&nbsp;<\/strong>en cada sede la primera semana de abril:<\/p>\n\n\n\n<p>-En el CIC el martes 1\/04 y jueves 3 desde las 18 a 20 hs<\/p>\n\n\n\n<p>-En la sede Vega centro, el mi\u00e9rcoles 2\/04 y viernes 4 desde las 16 a 19.30 hs<\/p>\n\n\n\n<p>-En la sede del Arenal, Pichi Ray\u00e9n, el viernes 4\/04 a partir de las 16 a 19.30 hs.Los talleres comienzan la segunda semana de abril (7 al 11\/04).<\/p>\n\n\n\n<p>El programa \u201cEstaciones Culturales\u201d ofrece una amplia gama de talleres art\u00edsticos y culturales gratuitos en distintos barrios de la localidad. Cada \u201cEstaci\u00f3n\u201d funciona hasta tres veces por semana desde las 16 hasta las 22 hs.&nbsp;&nbsp;<\/p>\n","protected":false},"excerpt":{"rendered":"<p>La semana que viene comienzan las inscripciones para los talleres culturales gratuitos que se dictan en 3 sedes: en Cordones del Chapelco (CIC &#8211; Cerro de la Virgen 1845), en Vega Centro (Santa fe 447) o en el Arenal (Pichi Rayen Los Chapeles y Los Cerezos). Las clases comienzan la segunda semana de abril (7 al 11\/04). Fijate todas las propuestas que hay disponibles y &hellip; <a href=\"https:\/\/cultura.sma.gob.ar\/?p=6472\" class=\"more-link\">Continue reading <span class=\"screen-reader-text\">En abril comienzan los talleres gratuitos en las Estaciones Culturales<\/span><\/a><\/p>\n","protected":false},"author":1,"featured_media":293,"comment_status":"closed","ping_status":"","sticky":false,"template":"","format":"image","meta":{"footnotes":""},"categories":[7,9],"tags":[43,94,95,89],"class_list":["post-6472","post","type-post","status-publish","format-image","has-post-thumbnail","hentry","category-talleres-cultura","category-ultimas-noticias","tag-cultura","tag-gratuitos","tag-inscripciones","tag-talleres","post_format-post-format-image"],"_links":{"self":[{"href":"https:\/\/cultura.sma.gob.ar\/index.php?rest_route=\/wp\/v2\/posts\/6472","targetHints":{"allow":["GET"]}}],"collection":[{"href":"https:\/\/cultura.sma.gob.ar\/index.php?rest_route=\/wp\/v2\/posts"}],"about":[{"href":"https:\/\/cultura.sma.gob.ar\/index.php?rest_route=\/wp\/v2\/types\/post"}],"author":[{"embeddable":true,"href":"https:\/\/cultura.sma.gob.ar\/index.php?rest_route=\/wp\/v2\/users\/1"}],"replies":[{"embeddable":true,"href":"https:\/\/cultura.sma.gob.ar\/index.php?rest_route=%2Fwp%2Fv2%2Fcomments&post=6472"}],"version-history":[{"count":4,"href":"https:\/\/cultura.sma.gob.ar\/index.php?rest_route=\/wp\/v2\/posts\/6472\/revisions"}],"predecessor-version":[{"id":6483,"href":"https:\/\/cultura.sma.gob.ar\/index.php?rest_route=\/wp\/v2\/posts\/6472\/revisions\/6483"}],"wp:featuredmedia":[{"embeddable":true,"href":"https:\/\/cultura.sma.gob.ar\/index.php?rest_route=\/wp\/v2\/media\/293"}],"wp:attachment":[{"href":"https:\/\/cultura.sma.gob.ar\/index.php?rest_route=%2Fwp%2Fv2%2Fmedia&parent=6472"}],"wp:term":[{"taxonomy":"category","embeddable":true,"href":"https:\/\/cultura.sma.gob.ar\/index.php?rest_route=%2Fwp%2Fv2%2Fcategories&post=6472"},{"taxonomy":"post_tag","embeddable":true,"href":"https:\/\/cultura.sma.gob.ar\/index.php?rest_route=%2Fwp%2Fv2%2Ftags&post=6472"}],"curies":[{"name":"wp","href":"https:\/\/api.w.org\/{rel}","templated":true}]}}