{"id":6460,"date":"2025-03-18T17:17:38","date_gmt":"2025-03-18T20:17:38","guid":{"rendered":"http:\/\/cultura.sma.gob.ar\/?p=6460"},"modified":"2025-03-18T17:17:38","modified_gmt":"2025-03-18T20:17:38","slug":"4-encuentro-por-la-memoria-teatro-san-jose","status":"publish","type":"post","link":"https:\/\/cultura.sma.gob.ar\/?p=6460","title":{"rendered":"4\u00b0 Encuentro por la Memoria &#8211; Teatro San Jos\u00e9"},"content":{"rendered":"\n<figure class=\"wp-block-image size-large\"><img loading=\"lazy\" decoding=\"async\" width=\"819\" height=\"1024\" src=\"https:\/\/cultura.sma.gob.ar\/wp-content\/uploads\/2025\/03\/SMA-TJ0021-4to-encuentro-por-la-memoria-RRSS_4x5-819x1024.jpg\" alt=\"\" class=\"wp-image-6461\" srcset=\"https:\/\/cultura.sma.gob.ar\/wp-content\/uploads\/2025\/03\/SMA-TJ0021-4to-encuentro-por-la-memoria-RRSS_4x5-819x1024.jpg 819w, https:\/\/cultura.sma.gob.ar\/wp-content\/uploads\/2025\/03\/SMA-TJ0021-4to-encuentro-por-la-memoria-RRSS_4x5-240x300.jpg 240w, https:\/\/cultura.sma.gob.ar\/wp-content\/uploads\/2025\/03\/SMA-TJ0021-4to-encuentro-por-la-memoria-RRSS_4x5-768x960.jpg 768w, https:\/\/cultura.sma.gob.ar\/wp-content\/uploads\/2025\/03\/SMA-TJ0021-4to-encuentro-por-la-memoria-RRSS_4x5-1229x1536.jpg 1229w, https:\/\/cultura.sma.gob.ar\/wp-content\/uploads\/2025\/03\/SMA-TJ0021-4to-encuentro-por-la-memoria-RRSS_4x5-1639x2048.jpg 1639w, https:\/\/cultura.sma.gob.ar\/wp-content\/uploads\/2025\/03\/SMA-TJ0021-4to-encuentro-por-la-memoria-RRSS_4x5-72x90.jpg 72w, https:\/\/cultura.sma.gob.ar\/wp-content\/uploads\/2025\/03\/SMA-TJ0021-4to-encuentro-por-la-memoria-RRSS_4x5-scaled.jpg 2048w\" sizes=\"auto, (max-width: 819px) 100vw, 819px\" \/><\/figure>\n\n\n\n<p>La Secretaria de Cultura invita a las instituciones educativas a participar del<strong> 4 \u00ba<br>Encuentro de la Memoria que se llevar\u00e1 a cabo los d\u00edas martes 25, mi\u00e9rcoles 26,<br>jueves 27 y viernes 28 de marzo en el Teatro San Jos\u00e9<\/strong>, para conmemorar el D\u00eda Nacional de la Memoria por la Verdad y la Justicia.<\/p>\n\n\n\n<p>Este<strong> 4 \u00ba Encuentro de la Memoria<\/strong> propone un<strong> ciclo de proyecciones de pel\u00edculas<br>argentinas<\/strong> que tratan la tem\u00e1tica. Es importante tener en cuenta que dicho contenido es para <strong>mayores de 13 a\u00f1os.<\/strong> La propuesta procura generar una reflexi\u00f3n y aprendizaje significativo a trav\u00e9s del arte audiovisual, sobre lo acontecido en nuestro pa\u00eds durante el per\u00edodo 1976-1983. <\/p>\n\n\n\n<p>La propuesta en este a\u00f1o es realizar <strong>funciones gratuitas para escuelas<br>secundarias en diferentes horarios<\/strong>, cubriendo los turnos ma\u00f1ana, tarde y vespertino, tanto para alumnos como para el cuerpo docente, creando un espacio de debate donde poder compartir diferentes miradas de un mismo hecho hist\u00f3rico.<\/p>\n\n\n\n<p>Para esto, deber\u00e1n comunicarse telef\u00f3nicamente con la Secretar\u00eda de Cultura al<br>(02972) 427315, INT 362, \u00f3 por whatsApp al 2972537772, desde las 8:00 hasta las<br>15:00 hs. Se recomienda hacer la reserva con la mayor antelaci\u00f3n posible a fin de<br>asegurarse el espacio y poder planificar el traslado de los alumnos y docentes.<\/p>\n","protected":false},"excerpt":{"rendered":"<p>La Secretaria de Cultura invita a las instituciones educativas a participar del 4 \u00baEncuentro de la Memoria que se llevar\u00e1 a cabo los d\u00edas martes 25, mi\u00e9rcoles 26,jueves 27 y viernes 28 de marzo en el Teatro San Jos\u00e9, para conmemorar el D\u00eda Nacional de la Memoria por la Verdad y la Justicia. Este 4 \u00ba Encuentro de la Memoria propone un ciclo de proyecciones &hellip; <a href=\"https:\/\/cultura.sma.gob.ar\/?p=6460\" class=\"more-link\">Continue reading <span class=\"screen-reader-text\">4\u00b0 Encuentro por la Memoria &#8211; Teatro San Jos\u00e9<\/span><\/a><\/p>\n","protected":false},"author":1,"featured_media":292,"comment_status":"closed","ping_status":"","sticky":false,"template":"","format":"image","meta":{"footnotes":""},"categories":[8,9],"tags":[],"class_list":["post-6460","post","type-post","status-publish","format-image","has-post-thumbnail","hentry","category-teatro-san-jose","category-ultimas-noticias","post_format-post-format-image"],"_links":{"self":[{"href":"https:\/\/cultura.sma.gob.ar\/index.php?rest_route=\/wp\/v2\/posts\/6460","targetHints":{"allow":["GET"]}}],"collection":[{"href":"https:\/\/cultura.sma.gob.ar\/index.php?rest_route=\/wp\/v2\/posts"}],"about":[{"href":"https:\/\/cultura.sma.gob.ar\/index.php?rest_route=\/wp\/v2\/types\/post"}],"author":[{"embeddable":true,"href":"https:\/\/cultura.sma.gob.ar\/index.php?rest_route=\/wp\/v2\/users\/1"}],"replies":[{"embeddable":true,"href":"https:\/\/cultura.sma.gob.ar\/index.php?rest_route=%2Fwp%2Fv2%2Fcomments&post=6460"}],"version-history":[{"count":1,"href":"https:\/\/cultura.sma.gob.ar\/index.php?rest_route=\/wp\/v2\/posts\/6460\/revisions"}],"predecessor-version":[{"id":6462,"href":"https:\/\/cultura.sma.gob.ar\/index.php?rest_route=\/wp\/v2\/posts\/6460\/revisions\/6462"}],"wp:featuredmedia":[{"embeddable":true,"href":"https:\/\/cultura.sma.gob.ar\/index.php?rest_route=\/wp\/v2\/media\/292"}],"wp:attachment":[{"href":"https:\/\/cultura.sma.gob.ar\/index.php?rest_route=%2Fwp%2Fv2%2Fmedia&parent=6460"}],"wp:term":[{"taxonomy":"category","embeddable":true,"href":"https:\/\/cultura.sma.gob.ar\/index.php?rest_route=%2Fwp%2Fv2%2Fcategories&post=6460"},{"taxonomy":"post_tag","embeddable":true,"href":"https:\/\/cultura.sma.gob.ar\/index.php?rest_route=%2Fwp%2Fv2%2Ftags&post=6460"}],"curies":[{"name":"wp","href":"https:\/\/api.w.org\/{rel}","templated":true}]}}