{"id":6451,"date":"2025-03-17T18:20:41","date_gmt":"2025-03-17T21:20:41","guid":{"rendered":"http:\/\/cultura.sma.gob.ar\/?p=6451"},"modified":"2025-03-17T18:20:41","modified_gmt":"2025-03-17T21:20:41","slug":"atando-cabos-llega-al-teatro-san-jose-con-el-colectivo-artistico-el-cofre","status":"publish","type":"post","link":"https:\/\/cultura.sma.gob.ar\/?p=6451","title":{"rendered":"&#8220;Atando Cabos&#8221; llega al teatro San Jos\u00e9 con el colectivo art\u00edstico El Cofre"},"content":{"rendered":"\n<figure class=\"wp-block-image size-large\"><img loading=\"lazy\" decoding=\"async\" width=\"1024\" height=\"1024\" src=\"https:\/\/cultura.sma.gob.ar\/wp-content\/uploads\/2025\/03\/WhatsApp-Image-2025-03-17-at-13.20.17-1024x1024.jpeg\" alt=\"\" class=\"wp-image-6452\" srcset=\"https:\/\/cultura.sma.gob.ar\/wp-content\/uploads\/2025\/03\/WhatsApp-Image-2025-03-17-at-13.20.17-1024x1024.jpeg 1024w, https:\/\/cultura.sma.gob.ar\/wp-content\/uploads\/2025\/03\/WhatsApp-Image-2025-03-17-at-13.20.17-300x300.jpeg 300w, https:\/\/cultura.sma.gob.ar\/wp-content\/uploads\/2025\/03\/WhatsApp-Image-2025-03-17-at-13.20.17-150x150.jpeg 150w, https:\/\/cultura.sma.gob.ar\/wp-content\/uploads\/2025\/03\/WhatsApp-Image-2025-03-17-at-13.20.17-768x768.jpeg 768w, https:\/\/cultura.sma.gob.ar\/wp-content\/uploads\/2025\/03\/WhatsApp-Image-2025-03-17-at-13.20.17-90x90.jpeg 90w, https:\/\/cultura.sma.gob.ar\/wp-content\/uploads\/2025\/03\/WhatsApp-Image-2025-03-17-at-13.20.17.jpeg 1080w\" sizes=\"auto, (max-width: 1024px) 100vw, 1024px\" \/><\/figure>\n\n\n\n<p>\u00a0El Cofre Colectivo Art\u00edstico Teatro por la Identidad SMA vuelve con &#8220;Atando Cabos&#8221; de Griselda Gambaro.<\/p>\n\n\n\n<p>FUNCIONES:  Viernes 28 y S\u00e1bado 29 de Marzo a las 20: 30 hs en el Teatro San Jos\u00e9\u00a0<br>Entrada: Gratuita<\/p>\n\n\n\n<p>Salida: Colaboraci\u00f3n Voluntaria<\/p>\n\n\n\n<p>Entradas Anticipadas en Teatro San Jos\u00e9 de Lunes a Viernes de 8 a 15 hs.<\/p>\n\n\n\n<p>Elisa: Mariana Taberniso<\/p>\n\n\n\n<p>Mart\u00edn: Gustavo Aluc\u00edn\u00a0<\/p>\n\n\n\n<p>Direcci\u00f3n: Celeste Contreras<\/p>\n\n\n\n<p>Asistencia Direcci\u00f3n: Silvina Ziegel<\/p>\n\n\n\n<p>Dise\u00f1o de Luces: Nefi Villalba<\/p>\n\n\n\n<p>T\u00e9cnica: Nefi Villalba y Esteban Garay<\/p>\n\n\n\n<p>Asistencia de Escenario:\u00a0Silvina Ziegal, Ana Albornoz\u00a0<\/p>\n\n\n\n<p>Dise\u00f1o Flyer:Micaela Herz<\/p>\n\n\n\n<p>Una Producci\u00f3n de El Cofre Colectivo Art\u00edstico\u00a0<\/p>\n","protected":false},"excerpt":{"rendered":"<p>\u00a0El Cofre Colectivo Art\u00edstico Teatro por la Identidad SMA vuelve con &#8220;Atando Cabos&#8221; de Griselda Gambaro. FUNCIONES: Viernes 28 y S\u00e1bado 29 de Marzo a las 20: 30 hs en el Teatro San Jos\u00e9\u00a0Entrada: Gratuita Salida: Colaboraci\u00f3n Voluntaria Entradas Anticipadas en Teatro San Jos\u00e9 de Lunes a Viernes de 8 a 15 hs. Elisa: Mariana Taberniso Mart\u00edn: Gustavo Aluc\u00edn\u00a0 Direcci\u00f3n: Celeste Contreras Asistencia Direcci\u00f3n: Silvina &hellip; <a href=\"https:\/\/cultura.sma.gob.ar\/?p=6451\" class=\"more-link\">Continue reading <span class=\"screen-reader-text\">&#8220;Atando Cabos&#8221; llega al teatro San Jos\u00e9 con el colectivo art\u00edstico El Cofre<\/span><\/a><\/p>\n","protected":false},"author":1,"featured_media":292,"comment_status":"closed","ping_status":"","sticky":false,"template":"","format":"image","meta":{"footnotes":""},"categories":[8,9],"tags":[],"class_list":["post-6451","post","type-post","status-publish","format-image","has-post-thumbnail","hentry","category-teatro-san-jose","category-ultimas-noticias","post_format-post-format-image"],"_links":{"self":[{"href":"https:\/\/cultura.sma.gob.ar\/index.php?rest_route=\/wp\/v2\/posts\/6451","targetHints":{"allow":["GET"]}}],"collection":[{"href":"https:\/\/cultura.sma.gob.ar\/index.php?rest_route=\/wp\/v2\/posts"}],"about":[{"href":"https:\/\/cultura.sma.gob.ar\/index.php?rest_route=\/wp\/v2\/types\/post"}],"author":[{"embeddable":true,"href":"https:\/\/cultura.sma.gob.ar\/index.php?rest_route=\/wp\/v2\/users\/1"}],"replies":[{"embeddable":true,"href":"https:\/\/cultura.sma.gob.ar\/index.php?rest_route=%2Fwp%2Fv2%2Fcomments&post=6451"}],"version-history":[{"count":1,"href":"https:\/\/cultura.sma.gob.ar\/index.php?rest_route=\/wp\/v2\/posts\/6451\/revisions"}],"predecessor-version":[{"id":6453,"href":"https:\/\/cultura.sma.gob.ar\/index.php?rest_route=\/wp\/v2\/posts\/6451\/revisions\/6453"}],"wp:featuredmedia":[{"embeddable":true,"href":"https:\/\/cultura.sma.gob.ar\/index.php?rest_route=\/wp\/v2\/media\/292"}],"wp:attachment":[{"href":"https:\/\/cultura.sma.gob.ar\/index.php?rest_route=%2Fwp%2Fv2%2Fmedia&parent=6451"}],"wp:term":[{"taxonomy":"category","embeddable":true,"href":"https:\/\/cultura.sma.gob.ar\/index.php?rest_route=%2Fwp%2Fv2%2Fcategories&post=6451"},{"taxonomy":"post_tag","embeddable":true,"href":"https:\/\/cultura.sma.gob.ar\/index.php?rest_route=%2Fwp%2Fv2%2Ftags&post=6451"}],"curies":[{"name":"wp","href":"https:\/\/api.w.org\/{rel}","templated":true}]}}