{"id":6447,"date":"2025-03-10T09:13:36","date_gmt":"2025-03-10T12:13:36","guid":{"rendered":"http:\/\/cultura.sma.gob.ar\/?p=6447"},"modified":"2025-03-10T09:13:36","modified_gmt":"2025-03-10T12:13:36","slug":"inaugura-una-nueva-muestra-en-la-sala-chapitel-pastora-fineli-y-roberto-pompei","status":"publish","type":"post","link":"https:\/\/cultura.sma.gob.ar\/?p=6447","title":{"rendered":"Inaugura una nueva muestra en la sala chapitel: Pastora Fineli y Roberto Pompei"},"content":{"rendered":"\n<p>Este viernes 14 de marzo, a las 20 hs inaugura una nueva exposici\u00f3n en la Sala Lidaura Chapitel, conformada por obras de los artistas visuales: Pastora Fileni, que exhibir\u00e1&nbsp;acuarelas y Roberto Pompei, con sus esculturas.&nbsp;La entrada es libre y gratuita, y la muestra se podr\u00e1 recorrer hasta el 3 de abril.<\/p>\n\n\n\n<figure class=\"wp-block-image\"><img decoding=\"async\" src=\"https:\/\/i0.wp.com\/realidadsm.com\/wp-content\/uploads\/2024\/11\/FOTO-SALA-.jpeg?resize=800%2C534&amp;ssl=1\" alt=\"\" class=\"wp-image-272698\"\/><\/figure>\n\n\n\n<p>\u00abEsta es la primera muestra que surge de la convocatoria anual 2025, dirigida a artistas o colectivos visuales, residentes en las provincias de Neuqu\u00e9n y R\u00edo Negro. La respuesta a la convocatoria ha sido muy positiva, participando un gran n\u00famero de artistas, de distintas localidades, con diversas propuestas, lenguajes y t\u00e9cnicas\u00bb, expresaron desde la Secretar\u00eda de Cultura municipal.&nbsp;<\/p>\n\n\n\n<p>En la selecci\u00f3n de los proyectos particip\u00f3&nbsp;un jurado externo, compuesto por:&nbsp;Patricia del R\u00edo, curadora del MNBA de Neuqu\u00e9n; Viviana Errecalde, artista visual de San Mart\u00edn de la Andes, autoridades de&nbsp;la Secretar\u00eda de Cultura&nbsp;y la Asociaci\u00f3n Amigos de la Sala.&nbsp;Las propuestas seleccionadas conformar\u00e1n&nbsp; el programa&nbsp;anual&nbsp;de exhibiciones de la sala Lidaura Chapitel y se podr\u00e1n&nbsp;visitar durante todo el a\u00f1o.&nbsp;<\/p>\n\n\n\n<figure class=\"wp-block-image\"><img decoding=\"async\" src=\"https:\/\/i0.wp.com\/realidadsm.com\/wp-content\/uploads\/2025\/03\/SMA-LC0044-Expo-Pompei-Fileni-RRSS_1x1-Fileni-700x700.jpg?ssl=1\" alt=\"\"\/><\/figure>\n\n\n\n<figure class=\"wp-block-image\"><img decoding=\"async\" src=\"https:\/\/i0.wp.com\/realidadsm.com\/wp-content\/uploads\/2025\/03\/SMA-LC0044-Expo-Pompei-Fileni-RRSS_1x1-Pompei-700x700.jpg?ssl=1\" alt=\"\"\/><\/figure>\n\n\n\n<p>Luego de la apertura, las visitas a la sala pueden realizarse de lunes a viernes de 10 a 12 hs, y de 16:30 a 20:30 hs. S\u00e1bados 16:30 a 20:30 hs. Entrada libre y gratuita.<\/p>\n\n\n\n<p><strong>Pastora Fileni (14 de abril de 1969, La Plata)&nbsp;<\/strong>Artista visual que, desde la adolescencia, ha realizado obras, algunas de las cuales fueron seleccionadas para tapa y contratapa del suplemento infantil La Galera del&nbsp;diario \u201cEl D\u00eda\u201d en el centenario de la ciudad de La Plata. Actualmente se destaca en el mundo de la acuarela, participando de manera continua de encuentros y concursos de pintores, obteniendo premios y menciones, adem\u00e1s de participar en varias muestras en la ciudad de Buenos Aires.<\/p>\n\n\n\n<p>En la actualidad, las obras se inspiran en los espacios esteparios naturales y tambi\u00e9n en urbanos, marcando las tendencias arquitect\u00f3nicas de cada ciudad. Es socia fundadora de la Galer\u00eda Rub\u00ed desde agosto de 2024 en la ciudad de San Mart\u00edn de los Andes y dicta clases en las ciudades de Jun\u00edn de los Andes y San Mart\u00edn de los Andes.<\/p>\n\n\n\n<p><strong>Roberto Pompei (8 de agosto de 1954, Capital Federal)&nbsp;<\/strong>&nbsp;Profesor en&nbsp;Ciencias de la Educaci\u00f3n (UM) y Especialista en Did\u00e1ctica (UBA-UNCo) En 1972 particip\u00f3 de un taller de cer\u00e1mica que marc\u00f3 su inter\u00e9s por este arte, mostrando desde ese inicio una inclinaci\u00f3n por lo escult\u00f3rico. En 1992, ya en San Mart\u00edn de los Andes, luego de casi 20 a\u00f1os, volvi\u00f3 \u201cal barro\u201d de la mano del ceramista Luis Vicu\u00f1a&nbsp;para&nbsp;integrar la muestra colectiva por los 500 a\u00f1os de la llegada de los espa\u00f1oles a Am\u00e9rica. A partir de all\u00ed particip\u00f3 en&nbsp;diversos talleres y cursos de cer\u00e1mica dictados por instituciones de la localidad como la Secretar\u00eda de Cultura, Cepaho y Ciart, interviniendo en&nbsp;diversas muestras colectivas.<\/p>\n\n\n\n<p>De 2012 a 2016, curs\u00f3 el Taller de Escultura dictado por la Prof. Suyai Ancina en el Ciart N\u00b0 3 de Jun\u00edn de los Andes. Eso le permiti\u00f3 integrar otros materiales a sus obras: madera, cemento, piedra, hierro.<\/p>\n","protected":false},"excerpt":{"rendered":"<p>Este viernes 14 de marzo, a las 20 hs inaugura una nueva exposici\u00f3n en la Sala Lidaura Chapitel, conformada por obras de los artistas visuales: Pastora Fileni, que exhibir\u00e1&nbsp;acuarelas y Roberto Pompei, con sus esculturas.&nbsp;La entrada es libre y gratuita, y la muestra se podr\u00e1 recorrer hasta el 3 de abril. \u00abEsta es la primera muestra que surge de la convocatoria anual 2025, dirigida a &hellip; <a href=\"https:\/\/cultura.sma.gob.ar\/?p=6447\" class=\"more-link\">Continue reading <span class=\"screen-reader-text\">Inaugura una nueva muestra en la sala chapitel: Pastora Fineli y Roberto Pompei<\/span><\/a><\/p>\n","protected":false},"author":1,"featured_media":295,"comment_status":"closed","ping_status":"","sticky":false,"template":"","format":"image","meta":{"footnotes":""},"categories":[6,9],"tags":[],"class_list":["post-6447","post","type-post","status-publish","format-image","has-post-thumbnail","hentry","category-sala-lidaura-chapitel","category-ultimas-noticias","post_format-post-format-image"],"_links":{"self":[{"href":"https:\/\/cultura.sma.gob.ar\/index.php?rest_route=\/wp\/v2\/posts\/6447","targetHints":{"allow":["GET"]}}],"collection":[{"href":"https:\/\/cultura.sma.gob.ar\/index.php?rest_route=\/wp\/v2\/posts"}],"about":[{"href":"https:\/\/cultura.sma.gob.ar\/index.php?rest_route=\/wp\/v2\/types\/post"}],"author":[{"embeddable":true,"href":"https:\/\/cultura.sma.gob.ar\/index.php?rest_route=\/wp\/v2\/users\/1"}],"replies":[{"embeddable":true,"href":"https:\/\/cultura.sma.gob.ar\/index.php?rest_route=%2Fwp%2Fv2%2Fcomments&post=6447"}],"version-history":[{"count":1,"href":"https:\/\/cultura.sma.gob.ar\/index.php?rest_route=\/wp\/v2\/posts\/6447\/revisions"}],"predecessor-version":[{"id":6448,"href":"https:\/\/cultura.sma.gob.ar\/index.php?rest_route=\/wp\/v2\/posts\/6447\/revisions\/6448"}],"wp:featuredmedia":[{"embeddable":true,"href":"https:\/\/cultura.sma.gob.ar\/index.php?rest_route=\/wp\/v2\/media\/295"}],"wp:attachment":[{"href":"https:\/\/cultura.sma.gob.ar\/index.php?rest_route=%2Fwp%2Fv2%2Fmedia&parent=6447"}],"wp:term":[{"taxonomy":"category","embeddable":true,"href":"https:\/\/cultura.sma.gob.ar\/index.php?rest_route=%2Fwp%2Fv2%2Fcategories&post=6447"},{"taxonomy":"post_tag","embeddable":true,"href":"https:\/\/cultura.sma.gob.ar\/index.php?rest_route=%2Fwp%2Fv2%2Ftags&post=6447"}],"curies":[{"name":"wp","href":"https:\/\/api.w.org\/{rel}","templated":true}]}}