{"id":6436,"date":"2025-03-06T12:58:24","date_gmt":"2025-03-06T15:58:24","guid":{"rendered":"http:\/\/cultura.sma.gob.ar\/?p=6436"},"modified":"2025-03-06T12:58:24","modified_gmt":"2025-03-06T15:58:24","slug":"charla-informativa-sobre-formacion-en-alfareria-en-el-cfp19","status":"publish","type":"post","link":"https:\/\/cultura.sma.gob.ar\/?p=6436","title":{"rendered":"Charla informativa sobre formaci\u00f3n en alfarer\u00eda en el CFP19"},"content":{"rendered":"\n<figure class=\"wp-block-image size-large\"><img loading=\"lazy\" decoding=\"async\" width=\"724\" height=\"1024\" src=\"https:\/\/cultura.sma.gob.ar\/wp-content\/uploads\/2025\/03\/WhatsApp-Image-2025-03-06-at-10.45.41-AM-724x1024.jpeg\" alt=\"\" class=\"wp-image-6437\" srcset=\"https:\/\/cultura.sma.gob.ar\/wp-content\/uploads\/2025\/03\/WhatsApp-Image-2025-03-06-at-10.45.41-AM-724x1024.jpeg 724w, https:\/\/cultura.sma.gob.ar\/wp-content\/uploads\/2025\/03\/WhatsApp-Image-2025-03-06-at-10.45.41-AM-212x300.jpeg 212w, https:\/\/cultura.sma.gob.ar\/wp-content\/uploads\/2025\/03\/WhatsApp-Image-2025-03-06-at-10.45.41-AM-768x1086.jpeg 768w, https:\/\/cultura.sma.gob.ar\/wp-content\/uploads\/2025\/03\/WhatsApp-Image-2025-03-06-at-10.45.41-AM-64x90.jpeg 64w, https:\/\/cultura.sma.gob.ar\/wp-content\/uploads\/2025\/03\/WhatsApp-Image-2025-03-06-at-10.45.41-AM.jpeg 794w\" sizes=\"auto, (max-width: 724px) 100vw, 724px\" \/><\/figure>\n\n\n\n<p>Los d\u00edas 6, 7 10 y 11 de marzo, en el CFP 19 de San Mart\u00edn de los Andes, se desarrollar\u00e1n las charlas informativas sobre la formaci\u00f3n de operador\/a en torno alfarero. <\/p>\n\n\n\n<p>Quienes deseen asistir, pueden hacerlo en una de las fechas brindadas, a las 9hs, en Mariano Moreno 1083.<\/p>\n","protected":false},"excerpt":{"rendered":"<p>Los d\u00edas 6, 7 10 y 11 de marzo, en el CFP 19 de San Mart\u00edn de los Andes, se desarrollar\u00e1n las charlas informativas sobre la formaci\u00f3n de operador\/a en torno alfarero. Quienes deseen asistir, pueden hacerlo en una de las fechas brindadas, a las 9hs, en Mariano Moreno 1083. <a href=\"https:\/\/cultura.sma.gob.ar\/?p=6436\" class=\"more-link\">Continue reading <span class=\"screen-reader-text\">Charla informativa sobre formaci\u00f3n en alfarer\u00eda en el CFP19<\/span><\/a><\/p>\n","protected":false},"author":1,"featured_media":297,"comment_status":"closed","ping_status":"","sticky":false,"template":"","format":"image","meta":{"footnotes":""},"categories":[2],"tags":[],"class_list":["post-6436","post","type-post","status-publish","format-image","has-post-thumbnail","hentry","category-ciudad-cultural","post_format-post-format-image"],"_links":{"self":[{"href":"https:\/\/cultura.sma.gob.ar\/index.php?rest_route=\/wp\/v2\/posts\/6436","targetHints":{"allow":["GET"]}}],"collection":[{"href":"https:\/\/cultura.sma.gob.ar\/index.php?rest_route=\/wp\/v2\/posts"}],"about":[{"href":"https:\/\/cultura.sma.gob.ar\/index.php?rest_route=\/wp\/v2\/types\/post"}],"author":[{"embeddable":true,"href":"https:\/\/cultura.sma.gob.ar\/index.php?rest_route=\/wp\/v2\/users\/1"}],"replies":[{"embeddable":true,"href":"https:\/\/cultura.sma.gob.ar\/index.php?rest_route=%2Fwp%2Fv2%2Fcomments&post=6436"}],"version-history":[{"count":1,"href":"https:\/\/cultura.sma.gob.ar\/index.php?rest_route=\/wp\/v2\/posts\/6436\/revisions"}],"predecessor-version":[{"id":6438,"href":"https:\/\/cultura.sma.gob.ar\/index.php?rest_route=\/wp\/v2\/posts\/6436\/revisions\/6438"}],"wp:featuredmedia":[{"embeddable":true,"href":"https:\/\/cultura.sma.gob.ar\/index.php?rest_route=\/wp\/v2\/media\/297"}],"wp:attachment":[{"href":"https:\/\/cultura.sma.gob.ar\/index.php?rest_route=%2Fwp%2Fv2%2Fmedia&parent=6436"}],"wp:term":[{"taxonomy":"category","embeddable":true,"href":"https:\/\/cultura.sma.gob.ar\/index.php?rest_route=%2Fwp%2Fv2%2Fcategories&post=6436"},{"taxonomy":"post_tag","embeddable":true,"href":"https:\/\/cultura.sma.gob.ar\/index.php?rest_route=%2Fwp%2Fv2%2Ftags&post=6436"}],"curies":[{"name":"wp","href":"https:\/\/api.w.org\/{rel}","templated":true}]}}