{"id":6427,"date":"2025-02-26T11:46:01","date_gmt":"2025-02-26T14:46:01","guid":{"rendered":"http:\/\/cultura.sma.gob.ar\/?p=6427"},"modified":"2025-02-27T14:12:31","modified_gmt":"2025-02-27T17:12:31","slug":"14-carnaval-intercultural-cordillerano","status":"publish","type":"post","link":"https:\/\/cultura.sma.gob.ar\/?p=6427","title":{"rendered":"14\u00b0 carnaval intercultural cordillerano"},"content":{"rendered":"\n<figure class=\"wp-block-image size-large\"><img loading=\"lazy\" decoding=\"async\" width=\"576\" height=\"1024\" src=\"https:\/\/cultura.sma.gob.ar\/wp-content\/uploads\/2025\/02\/WhatsApp-Image-2025-02-26-at-11.36.03-AM-576x1024.jpeg\" alt=\"\" class=\"wp-image-6428\" srcset=\"https:\/\/cultura.sma.gob.ar\/wp-content\/uploads\/2025\/02\/WhatsApp-Image-2025-02-26-at-11.36.03-AM-576x1024.jpeg 576w, https:\/\/cultura.sma.gob.ar\/wp-content\/uploads\/2025\/02\/WhatsApp-Image-2025-02-26-at-11.36.03-AM-169x300.jpeg 169w, https:\/\/cultura.sma.gob.ar\/wp-content\/uploads\/2025\/02\/WhatsApp-Image-2025-02-26-at-11.36.03-AM-768x1365.jpeg 768w, https:\/\/cultura.sma.gob.ar\/wp-content\/uploads\/2025\/02\/WhatsApp-Image-2025-02-26-at-11.36.03-AM-864x1536.jpeg 864w, https:\/\/cultura.sma.gob.ar\/wp-content\/uploads\/2025\/02\/WhatsApp-Image-2025-02-26-at-11.36.03-AM-51x90.jpeg 51w, https:\/\/cultura.sma.gob.ar\/wp-content\/uploads\/2025\/02\/WhatsApp-Image-2025-02-26-at-11.36.03-AM.jpeg 900w\" sizes=\"auto, (max-width: 576px) 100vw, 576px\" \/><\/figure>\n\n\n\n<p><strong>Se viene el Carnaval Intercultural Cordillerano<\/strong><br>Este s\u00e1bado 1\u00b0 y domingo 2 de marzo se realizar\u00e1 la 14\u00aa edici\u00f3n del Carnaval<br>Intercultural Cordillerano que contar\u00e1 con la participaci\u00f3n de murgas, caporales,<br>batucadas y comparsas de San Mart\u00edn de los Andes y de otras localidades de la<br>regi\u00f3n.<\/p>\n\n\n\n<p>El carnaval se iniciar\u00e1 el s\u00e1bado 1\u00b0 de marzo en el barrio El Arenal desde las<br>18:00 hs con el tradicional desfile por la calle Los Chapeles en el que habr\u00e1<br>murgas, batucadas, danzas juje\u00f1as y caporales.<\/p>\n\n\n\n<p>El domingo 2 el carnaval continuar\u00e1 en el centro de la ciudad, donde se<br>realizar\u00e1n las siguientes actividades:<\/p>\n\n\n\n<p><strong>Escenario (frente a Plaza San Mart\u00edn):<\/strong><\/p>\n\n\n\n<ul class=\"wp-block-list\"><li>16.00hs. Inicio segunda jornada del 14\u00b0 Carnaval Intercultural<br>Cordillerano.<\/li><li>16.30hs. Taller Abierto de Murga, para todo p\u00fablico.<\/li><li>17.15hs. Presentaciones de murgas en el escenario.<\/li><\/ul>\n\n\n\n<p><strong>Av. San Mart\u00edn (desde calle Sarmiento hasta la Plaza San Mart\u00edn):<\/strong><\/p>\n\n\n\n<p>20.00hs. Desfile de murgas, batucadas, caporales y comparsas.<\/p>\n\n\n\n<p>La organizaci\u00f3n del Carnaval est\u00e1 a cargo de una comisi\u00f3n integrada por<br>agrupaciones carnavaleras locales y representantes de la Secretar\u00eda de Cultura,<br>conformada seg\u00fan lo establece la Ordenanza Municipal 10652\/15.<\/p>\n","protected":false},"excerpt":{"rendered":"<p>Se viene el Carnaval Intercultural CordilleranoEste s\u00e1bado 1\u00b0 y domingo 2 de marzo se realizar\u00e1 la 14\u00aa edici\u00f3n del CarnavalIntercultural Cordillerano que contar\u00e1 con la participaci\u00f3n de murgas, caporales,batucadas y comparsas de San Mart\u00edn de los Andes y de otras localidades de laregi\u00f3n. El carnaval se iniciar\u00e1 el s\u00e1bado 1\u00b0 de marzo en el barrio El Arenal desde las18:00 hs con el tradicional desfile por &hellip; <a href=\"https:\/\/cultura.sma.gob.ar\/?p=6427\" class=\"more-link\">Continue reading <span class=\"screen-reader-text\">14\u00b0 carnaval intercultural cordillerano<\/span><\/a><\/p>\n","protected":false},"author":1,"featured_media":296,"comment_status":"closed","ping_status":"","sticky":false,"template":"","format":"image","meta":{"footnotes":""},"categories":[3],"tags":[],"class_list":["post-6427","post","type-post","status-publish","format-image","has-post-thumbnail","hentry","category-eventos-cultura","post_format-post-format-image"],"_links":{"self":[{"href":"https:\/\/cultura.sma.gob.ar\/index.php?rest_route=\/wp\/v2\/posts\/6427","targetHints":{"allow":["GET"]}}],"collection":[{"href":"https:\/\/cultura.sma.gob.ar\/index.php?rest_route=\/wp\/v2\/posts"}],"about":[{"href":"https:\/\/cultura.sma.gob.ar\/index.php?rest_route=\/wp\/v2\/types\/post"}],"author":[{"embeddable":true,"href":"https:\/\/cultura.sma.gob.ar\/index.php?rest_route=\/wp\/v2\/users\/1"}],"replies":[{"embeddable":true,"href":"https:\/\/cultura.sma.gob.ar\/index.php?rest_route=%2Fwp%2Fv2%2Fcomments&post=6427"}],"version-history":[{"count":2,"href":"https:\/\/cultura.sma.gob.ar\/index.php?rest_route=\/wp\/v2\/posts\/6427\/revisions"}],"predecessor-version":[{"id":6432,"href":"https:\/\/cultura.sma.gob.ar\/index.php?rest_route=\/wp\/v2\/posts\/6427\/revisions\/6432"}],"wp:featuredmedia":[{"embeddable":true,"href":"https:\/\/cultura.sma.gob.ar\/index.php?rest_route=\/wp\/v2\/media\/296"}],"wp:attachment":[{"href":"https:\/\/cultura.sma.gob.ar\/index.php?rest_route=%2Fwp%2Fv2%2Fmedia&parent=6427"}],"wp:term":[{"taxonomy":"category","embeddable":true,"href":"https:\/\/cultura.sma.gob.ar\/index.php?rest_route=%2Fwp%2Fv2%2Fcategories&post=6427"},{"taxonomy":"post_tag","embeddable":true,"href":"https:\/\/cultura.sma.gob.ar\/index.php?rest_route=%2Fwp%2Fv2%2Ftags&post=6427"}],"curies":[{"name":"wp","href":"https:\/\/api.w.org\/{rel}","templated":true}]}}