{"id":640,"date":"2020-11-05T22:51:20","date_gmt":"2020-11-06T01:51:20","guid":{"rendered":"http:\/\/cultura.sma.gob.ar\/?p=640"},"modified":"2020-11-05T22:51:20","modified_gmt":"2020-11-06T01:51:20","slug":"inauguracion-14-feria-regional-del-libro","status":"publish","type":"post","link":"https:\/\/cultura.sma.gob.ar\/?p=640","title":{"rendered":"Inauguraci\u00f3n 14\u00b0 Feria Regional del Libro"},"content":{"rendered":"\n<figure class=\"wp-block-image size-large\"><img loading=\"lazy\" decoding=\"async\" width=\"1024\" height=\"1024\" src=\"http:\/\/cultura.sma.gob.ar\/wp-content\/uploads\/2020\/11\/feria-del-libro2020-redes-sociales-10-1024x1024.jpg\" alt=\"\" class=\"wp-image-542\" srcset=\"https:\/\/cultura.sma.gob.ar\/wp-content\/uploads\/2020\/11\/feria-del-libro2020-redes-sociales-10-1024x1024.jpg 1024w, https:\/\/cultura.sma.gob.ar\/wp-content\/uploads\/2020\/11\/feria-del-libro2020-redes-sociales-10-300x300.jpg 300w, https:\/\/cultura.sma.gob.ar\/wp-content\/uploads\/2020\/11\/feria-del-libro2020-redes-sociales-10-150x150.jpg 150w, https:\/\/cultura.sma.gob.ar\/wp-content\/uploads\/2020\/11\/feria-del-libro2020-redes-sociales-10-768x768.jpg 768w, https:\/\/cultura.sma.gob.ar\/wp-content\/uploads\/2020\/11\/feria-del-libro2020-redes-sociales-10-1536x1536.jpg 1536w, https:\/\/cultura.sma.gob.ar\/wp-content\/uploads\/2020\/11\/feria-del-libro2020-redes-sociales-10-90x90.jpg 90w, https:\/\/cultura.sma.gob.ar\/wp-content\/uploads\/2020\/11\/feria-del-libro2020-redes-sociales-10.jpg 1875w\" sizes=\"auto, (max-width: 1024px) 100vw, 1024px\" \/><\/figure>\n\n\n\n<p>Una de las funciones del arte es romper el automatismo que nos rige y mostrarnos el mundo desde otras perspectivas <em>para iluminarlo bruscamente, sacarlo de sus casillas, y definirlo de nuevo y mejor<\/em>, como dec\u00eda Cort\u00e1zar.<\/p>\n\n\n\n<p>Este a\u00f1o hay otro factor que descompone ese automatismo. La pandemia global COVID-19 modific\u00f3 la mayor\u00eda de nuestros h\u00e1bitos, oblig\u00e1ndonos a repensar esa normalidad que qued\u00f3 en el pasado.&nbsp;<\/p>\n\n\n\n<p>En este contexto se desarrolla la 14\u00aa Feria Regional del Libro, una edici\u00f3n que tendr\u00e1 contenidos virtuales y actividades presenciales. O podr\u00edamos decir que <em>por<\/em> este contexto no se suspende. El arte es un aliado clave de la humanidad para enfrentar nuevos desaf\u00edos, aportando creatividad y capacidad de an\u00e1lisis cr\u00edtico. Que hoy el mundo y la normalidad est\u00e9n fuera de sus casillas es una oportunidad para cambiar algunas cosas. Y usar los libros como instrumento de cambio puede resultar muy conveniente, porque leer contagia imaginaci\u00f3n, cultura, entusiasmo y otros est\u00edmulos que necesitamos con urgencia.&nbsp;&nbsp;<\/p>\n\n\n\n<p>La Feria Regional del Libro es un proyecto colectivo en la que interviene la Municipalidad, las bibliotecas populares, las librer\u00edas y otras entidades p\u00fablicas y privadas. Nos unimos para garantizar el derecho a leer, para que nadie quede afuera de esa experiencia transformadora. Nos unimos para fortalecer la industria cultural del libro, porque queremos que en nuestra ciudad siga habiendo librer\u00edas y editoriales. Y nos unimos para formar ciudadan\u00eda. Desde las escuelas, desde las bibliotecas populares y desde cada espacio comunitario.<\/p>\n\n\n\n<p>Ojal\u00e1 que esta edici\u00f3n especial de la feria alcance a toda la comunidad, aportando diversidad de voces y nuevas perspectivas para iluminar bruscamente el presente y proyectar otra normalidad, que sea nueva y mejor.&nbsp;<\/p>\n\n\n\n<div class=\"wp-block-group\"><div class=\"wp-block-group__inner-container is-layout-flow wp-block-group-is-layout-flow\">\n<p><\/p>\n\n\n\n<p><\/p>\n\n\n\n<p>Gustavo Santos<\/p>\n\n\n\n<p>Secretario de Cultura<\/p>\n\n\n\n<p>Municipalidad de San Mart\u00edn de los Andes<\/p>\n<\/div><\/div>\n","protected":false},"excerpt":{"rendered":"<p>Palabras de apertura del Secretario de Cultura. <a href=\"https:\/\/cultura.sma.gob.ar\/?p=640\" class=\"more-link\">Continue reading <span class=\"screen-reader-text\">Inauguraci\u00f3n 14\u00b0 Feria Regional del Libro<\/span><\/a><\/p>\n","protected":false},"author":1,"featured_media":296,"comment_status":"closed","ping_status":"","sticky":false,"template":"","format":"image","meta":{"footnotes":""},"categories":[3,9],"tags":[],"class_list":["post-640","post","type-post","status-publish","format-image","has-post-thumbnail","hentry","category-eventos-cultura","category-ultimas-noticias","post_format-post-format-image"],"_links":{"self":[{"href":"https:\/\/cultura.sma.gob.ar\/index.php?rest_route=\/wp\/v2\/posts\/640","targetHints":{"allow":["GET"]}}],"collection":[{"href":"https:\/\/cultura.sma.gob.ar\/index.php?rest_route=\/wp\/v2\/posts"}],"about":[{"href":"https:\/\/cultura.sma.gob.ar\/index.php?rest_route=\/wp\/v2\/types\/post"}],"author":[{"embeddable":true,"href":"https:\/\/cultura.sma.gob.ar\/index.php?rest_route=\/wp\/v2\/users\/1"}],"replies":[{"embeddable":true,"href":"https:\/\/cultura.sma.gob.ar\/index.php?rest_route=%2Fwp%2Fv2%2Fcomments&post=640"}],"version-history":[{"count":1,"href":"https:\/\/cultura.sma.gob.ar\/index.php?rest_route=\/wp\/v2\/posts\/640\/revisions"}],"predecessor-version":[{"id":642,"href":"https:\/\/cultura.sma.gob.ar\/index.php?rest_route=\/wp\/v2\/posts\/640\/revisions\/642"}],"wp:featuredmedia":[{"embeddable":true,"href":"https:\/\/cultura.sma.gob.ar\/index.php?rest_route=\/wp\/v2\/media\/296"}],"wp:attachment":[{"href":"https:\/\/cultura.sma.gob.ar\/index.php?rest_route=%2Fwp%2Fv2%2Fmedia&parent=640"}],"wp:term":[{"taxonomy":"category","embeddable":true,"href":"https:\/\/cultura.sma.gob.ar\/index.php?rest_route=%2Fwp%2Fv2%2Fcategories&post=640"},{"taxonomy":"post_tag","embeddable":true,"href":"https:\/\/cultura.sma.gob.ar\/index.php?rest_route=%2Fwp%2Fv2%2Ftags&post=640"}],"curies":[{"name":"wp","href":"https:\/\/api.w.org\/{rel}","templated":true}]}}