{"id":6397,"date":"2025-02-13T11:32:20","date_gmt":"2025-02-13T14:32:20","guid":{"rendered":"http:\/\/cultura.sma.gob.ar\/?p=6397"},"modified":"2025-02-13T11:32:20","modified_gmt":"2025-02-13T14:32:20","slug":"calle-cultural-presenta-a-carito-caroe","status":"publish","type":"post","link":"https:\/\/cultura.sma.gob.ar\/?p=6397","title":{"rendered":"Calle Cultural presenta a Carito Caroe"},"content":{"rendered":"\n<figure class=\"wp-block-image size-large\"><img loading=\"lazy\" decoding=\"async\" width=\"1024\" height=\"1024\" src=\"https:\/\/cultura.sma.gob.ar\/wp-content\/uploads\/2025\/02\/SMA-TJ0019-Calle-Cultural-Carito-caroe_A-1x1-1-1024x1024.jpg\" alt=\"\" class=\"wp-image-6398\" srcset=\"https:\/\/cultura.sma.gob.ar\/wp-content\/uploads\/2025\/02\/SMA-TJ0019-Calle-Cultural-Carito-caroe_A-1x1-1-1024x1024.jpg 1024w, https:\/\/cultura.sma.gob.ar\/wp-content\/uploads\/2025\/02\/SMA-TJ0019-Calle-Cultural-Carito-caroe_A-1x1-1-300x300.jpg 300w, https:\/\/cultura.sma.gob.ar\/wp-content\/uploads\/2025\/02\/SMA-TJ0019-Calle-Cultural-Carito-caroe_A-1x1-1-150x150.jpg 150w, https:\/\/cultura.sma.gob.ar\/wp-content\/uploads\/2025\/02\/SMA-TJ0019-Calle-Cultural-Carito-caroe_A-1x1-1-768x768.jpg 768w, https:\/\/cultura.sma.gob.ar\/wp-content\/uploads\/2025\/02\/SMA-TJ0019-Calle-Cultural-Carito-caroe_A-1x1-1-1536x1536.jpg 1536w, https:\/\/cultura.sma.gob.ar\/wp-content\/uploads\/2025\/02\/SMA-TJ0019-Calle-Cultural-Carito-caroe_A-1x1-1-2048x2048.jpg 2048w, https:\/\/cultura.sma.gob.ar\/wp-content\/uploads\/2025\/02\/SMA-TJ0019-Calle-Cultural-Carito-caroe_A-1x1-1-90x90.jpg 90w\" sizes=\"auto, (max-width: 1024px) 100vw, 1024px\" \/><\/figure>\n\n\n\n<p>El programa\u00a0<strong>Calle Cultural<\/strong>\u00a0contin\u00faa ofreciendo propuestas art\u00edsticas en el espacio p\u00fablico de los barrios, promoviendo la participaci\u00f3n de la comunidad con intervenciones de arte, presentaciones musicales, teatrales, talleres y m\u00e1s. <\/p>\n\n\n\n<p>Creado en 2021, y ya en su\u00a0<strong>quinto a\u00f1o de realizaci\u00f3n<\/strong>, este programa busca acercar la cultura a todos y todas.<\/p>\n\n\n\n<p>Este\u00a0<strong>martes 18 de febrero a las 17 hs<\/strong>, en el<strong>\u00a0Parque lineal Pocahullo<\/strong>, no te pod\u00e9s perder el espect\u00e1culo de\u00a0<strong>Carito Caroe<\/strong>:\u00a0<strong>&#8220;Verano de Canciones&#8221;<\/strong>. Una invitaci\u00f3n para toda la familia a disfrutar de un repertorio lleno de m\u00fasica, juegos e interacci\u00f3n. Durante el show, podr\u00e1s cantar, bailar y divertirte con una variedad de ritmos y juegos a trav\u00e9s de distintos instrumentos.<\/p>\n\n\n\n<p><strong>\u00a1Nada mejor para este calorcito que unas refrescantes canciones!<\/strong><\/p>\n\n\n\n<p>Te esperamos para vivir una tarde llena de alegr\u00eda y cultura.<strong> \u00a1La entrada es libre y gratuita!<\/strong><\/p>\n","protected":false},"excerpt":{"rendered":"<p>El programa\u00a0Calle Cultural\u00a0contin\u00faa ofreciendo propuestas art\u00edsticas en el espacio p\u00fablico de los barrios, promoviendo la participaci\u00f3n de la comunidad con intervenciones de arte, presentaciones musicales, teatrales, talleres y m\u00e1s. Creado en 2021, y ya en su\u00a0quinto a\u00f1o de realizaci\u00f3n, este programa busca acercar la cultura a todos y todas. Este\u00a0martes 18 de febrero a las 17 hs, en el\u00a0Parque lineal Pocahullo, no te pod\u00e9s perder &hellip; <a href=\"https:\/\/cultura.sma.gob.ar\/?p=6397\" class=\"more-link\">Continue reading <span class=\"screen-reader-text\">Calle Cultural presenta a Carito Caroe<\/span><\/a><\/p>\n","protected":false},"author":1,"featured_media":292,"comment_status":"closed","ping_status":"","sticky":false,"template":"","format":"image","meta":{"footnotes":""},"categories":[8,9],"tags":[],"class_list":["post-6397","post","type-post","status-publish","format-image","has-post-thumbnail","hentry","category-teatro-san-jose","category-ultimas-noticias","post_format-post-format-image"],"_links":{"self":[{"href":"https:\/\/cultura.sma.gob.ar\/index.php?rest_route=\/wp\/v2\/posts\/6397","targetHints":{"allow":["GET"]}}],"collection":[{"href":"https:\/\/cultura.sma.gob.ar\/index.php?rest_route=\/wp\/v2\/posts"}],"about":[{"href":"https:\/\/cultura.sma.gob.ar\/index.php?rest_route=\/wp\/v2\/types\/post"}],"author":[{"embeddable":true,"href":"https:\/\/cultura.sma.gob.ar\/index.php?rest_route=\/wp\/v2\/users\/1"}],"replies":[{"embeddable":true,"href":"https:\/\/cultura.sma.gob.ar\/index.php?rest_route=%2Fwp%2Fv2%2Fcomments&post=6397"}],"version-history":[{"count":1,"href":"https:\/\/cultura.sma.gob.ar\/index.php?rest_route=\/wp\/v2\/posts\/6397\/revisions"}],"predecessor-version":[{"id":6399,"href":"https:\/\/cultura.sma.gob.ar\/index.php?rest_route=\/wp\/v2\/posts\/6397\/revisions\/6399"}],"wp:featuredmedia":[{"embeddable":true,"href":"https:\/\/cultura.sma.gob.ar\/index.php?rest_route=\/wp\/v2\/media\/292"}],"wp:attachment":[{"href":"https:\/\/cultura.sma.gob.ar\/index.php?rest_route=%2Fwp%2Fv2%2Fmedia&parent=6397"}],"wp:term":[{"taxonomy":"category","embeddable":true,"href":"https:\/\/cultura.sma.gob.ar\/index.php?rest_route=%2Fwp%2Fv2%2Fcategories&post=6397"},{"taxonomy":"post_tag","embeddable":true,"href":"https:\/\/cultura.sma.gob.ar\/index.php?rest_route=%2Fwp%2Fv2%2Ftags&post=6397"}],"curies":[{"name":"wp","href":"https:\/\/api.w.org\/{rel}","templated":true}]}}