{"id":6393,"date":"2025-02-12T19:00:02","date_gmt":"2025-02-12T22:00:02","guid":{"rendered":"http:\/\/cultura.sma.gob.ar\/?p=6393"},"modified":"2025-02-13T14:42:21","modified_gmt":"2025-02-13T17:42:21","slug":"este-sabado-15-se-celebra-la-2-noche-de-las-artes-2025","status":"publish","type":"post","link":"https:\/\/cultura.sma.gob.ar\/?p=6393","title":{"rendered":"Este s\u00e1bado 15 se celebra la 2\u00b0 Noche de las Artes 2025"},"content":{"rendered":"\n<p>Este s\u00e1bado 15 de febrero, desde las 18:30hs, la avenida San Mart\u00edn se vuelve peatonal para disfrutar del arte local en esta segunda edici\u00f3n de la Noche de las Artes. <\/p>\n\n\n\n<figure class=\"wp-block-image size-large\"><img loading=\"lazy\" decoding=\"async\" width=\"491\" height=\"611\" src=\"https:\/\/cultura.sma.gob.ar\/wp-content\/uploads\/2025\/02\/Screenshot-2025-02-12-6.54.08-PM.png\" alt=\"\" class=\"wp-image-6394\" srcset=\"https:\/\/cultura.sma.gob.ar\/wp-content\/uploads\/2025\/02\/Screenshot-2025-02-12-6.54.08-PM.png 491w, https:\/\/cultura.sma.gob.ar\/wp-content\/uploads\/2025\/02\/Screenshot-2025-02-12-6.54.08-PM-241x300.png 241w, https:\/\/cultura.sma.gob.ar\/wp-content\/uploads\/2025\/02\/Screenshot-2025-02-12-6.54.08-PM-72x90.png 72w\" sizes=\"auto, (max-width: 491px) 100vw, 491px\" \/><\/figure>\n\n\n\n<p>La&nbsp;<a href=\"https:\/\/www.instagram.com\/explore\/tags\/nochedelasartes2025\/?hl=es\">#nochedelasartes2025<\/a>&nbsp;contar\u00e1 con m\u00e1s de 120 expositores y m\u00e1s de 55 presentaciones esc\u00e9nicas, que se podr\u00e1n recorrer y disfrutar en la avenida San Mart\u00edn, desde Sarmiento hasta Rivadavia, de forma libre y gratuita desde las 18.30hs y hasta la 01:00 am. <\/p>\n\n\n\n<p>Como novedad en esta segunda edici\u00f3n, tendremos el honor de que <strong>la Fanfarria Militar &#8220;El Hinojal&#8221; d\u00e9&nbsp;apertura a La Noche de las Artes<\/strong> desplaz\u00e1ndose con su presentaci\u00f3n desde la calle Sarmiento hasta Rivadavia por toda la Avenida San Mart\u00edn.<\/p>\n\n\n\n<p>Otra novedad es que habr\u00e1 <strong>proyecciones de cortos argentinos de la mano del programa Cine M\u00f3vil<\/strong>, a las 21 y a las 22 horas, en Rivadavia y San Mart\u00edn (espacio esc\u00e9nico M).  Se trata de un proyecto del INCAA que se desarrolla en conjunto con la Subsecretar\u00eda de Cultura de la Provincia de Neuqu\u00e9n y en nuestra ciudad es apoyado por la Secretar\u00eda de Cultura del municipio.<\/p>\n\n\n\n<p>Esta vez tambi\u00e9n contaremos con el espacio esc\u00e9nico nuevo, frente al jard\u00edn de Parques Nacionales, donde se presentar\u00e1n mon\u00f3logos perform\u00e1ticos de la producci\u00f3n teatral &#8220;Todo lo que est\u00e1 a mi lado&#8221;, con una duraci\u00f3n de 15 minutos cada uno, de 20.30 a 21.30.<\/p>\n\n\n\n<div class=\"wp-block-jetpack-slideshow aligncenter\" data-effect=\"slide\"><div class=\"wp-block-jetpack-slideshow_container swiper-container\"><ul class=\"wp-block-jetpack-slideshow_swiper-wrapper swiper-wrapper\"><li class=\"wp-block-jetpack-slideshow_slide swiper-slide\"><figure><img loading=\"lazy\" decoding=\"async\" width=\"1024\" height=\"1017\" alt=\"\" class=\"wp-block-jetpack-slideshow_image wp-image-6402\" data-id=\"6402\" src=\"http:\/\/cultura.sma.gob.ar\/wp-content\/uploads\/2025\/02\/SMA-GE0020-Noche-de-las-Artes-2025-Febrero-2025-PROGRAMA-RRSS-05-1024x1017.jpg\" srcset=\"https:\/\/cultura.sma.gob.ar\/wp-content\/uploads\/2025\/02\/SMA-GE0020-Noche-de-las-Artes-2025-Febrero-2025-PROGRAMA-RRSS-05-1024x1017.jpg 1024w, https:\/\/cultura.sma.gob.ar\/wp-content\/uploads\/2025\/02\/SMA-GE0020-Noche-de-las-Artes-2025-Febrero-2025-PROGRAMA-RRSS-05-300x298.jpg 300w, https:\/\/cultura.sma.gob.ar\/wp-content\/uploads\/2025\/02\/SMA-GE0020-Noche-de-las-Artes-2025-Febrero-2025-PROGRAMA-RRSS-05-150x150.jpg 150w, https:\/\/cultura.sma.gob.ar\/wp-content\/uploads\/2025\/02\/SMA-GE0020-Noche-de-las-Artes-2025-Febrero-2025-PROGRAMA-RRSS-05-768x763.jpg 768w, https:\/\/cultura.sma.gob.ar\/wp-content\/uploads\/2025\/02\/SMA-GE0020-Noche-de-las-Artes-2025-Febrero-2025-PROGRAMA-RRSS-05-1536x1526.jpg 1536w, https:\/\/cultura.sma.gob.ar\/wp-content\/uploads\/2025\/02\/SMA-GE0020-Noche-de-las-Artes-2025-Febrero-2025-PROGRAMA-RRSS-05-2048x2034.jpg 2048w, https:\/\/cultura.sma.gob.ar\/wp-content\/uploads\/2025\/02\/SMA-GE0020-Noche-de-las-Artes-2025-Febrero-2025-PROGRAMA-RRSS-05-91x90.jpg 91w\" sizes=\"auto, (max-width: 1024px) 100vw, 1024px\" \/><\/figure><\/li><li class=\"wp-block-jetpack-slideshow_slide swiper-slide\"><figure><img loading=\"lazy\" decoding=\"async\" width=\"1024\" height=\"1017\" alt=\"\" class=\"wp-block-jetpack-slideshow_image wp-image-6403\" data-id=\"6403\" src=\"http:\/\/cultura.sma.gob.ar\/wp-content\/uploads\/2025\/02\/SMA-GE0020-Noche-de-las-Artes-2025-Febrero-2025-PROGRAMA-RRSS-06-1024x1017.jpg\" srcset=\"https:\/\/cultura.sma.gob.ar\/wp-content\/uploads\/2025\/02\/SMA-GE0020-Noche-de-las-Artes-2025-Febrero-2025-PROGRAMA-RRSS-06-1024x1017.jpg 1024w, https:\/\/cultura.sma.gob.ar\/wp-content\/uploads\/2025\/02\/SMA-GE0020-Noche-de-las-Artes-2025-Febrero-2025-PROGRAMA-RRSS-06-300x298.jpg 300w, https:\/\/cultura.sma.gob.ar\/wp-content\/uploads\/2025\/02\/SMA-GE0020-Noche-de-las-Artes-2025-Febrero-2025-PROGRAMA-RRSS-06-150x150.jpg 150w, https:\/\/cultura.sma.gob.ar\/wp-content\/uploads\/2025\/02\/SMA-GE0020-Noche-de-las-Artes-2025-Febrero-2025-PROGRAMA-RRSS-06-768x763.jpg 768w, https:\/\/cultura.sma.gob.ar\/wp-content\/uploads\/2025\/02\/SMA-GE0020-Noche-de-las-Artes-2025-Febrero-2025-PROGRAMA-RRSS-06-1536x1526.jpg 1536w, https:\/\/cultura.sma.gob.ar\/wp-content\/uploads\/2025\/02\/SMA-GE0020-Noche-de-las-Artes-2025-Febrero-2025-PROGRAMA-RRSS-06-2048x2034.jpg 2048w, https:\/\/cultura.sma.gob.ar\/wp-content\/uploads\/2025\/02\/SMA-GE0020-Noche-de-las-Artes-2025-Febrero-2025-PROGRAMA-RRSS-06-91x90.jpg 91w\" sizes=\"auto, (max-width: 1024px) 100vw, 1024px\" \/><\/figure><\/li><li class=\"wp-block-jetpack-slideshow_slide swiper-slide\"><figure><img loading=\"lazy\" decoding=\"async\" width=\"1024\" height=\"1017\" alt=\"\" class=\"wp-block-jetpack-slideshow_image wp-image-6405\" data-id=\"6405\" src=\"http:\/\/cultura.sma.gob.ar\/wp-content\/uploads\/2025\/02\/SMA-GE0020-Noche-de-las-Artes-2025-Febrero-2025-PROGRAMA-RRSS-01-1024x1017.jpg\" srcset=\"https:\/\/cultura.sma.gob.ar\/wp-content\/uploads\/2025\/02\/SMA-GE0020-Noche-de-las-Artes-2025-Febrero-2025-PROGRAMA-RRSS-01-1024x1017.jpg 1024w, https:\/\/cultura.sma.gob.ar\/wp-content\/uploads\/2025\/02\/SMA-GE0020-Noche-de-las-Artes-2025-Febrero-2025-PROGRAMA-RRSS-01-300x298.jpg 300w, https:\/\/cultura.sma.gob.ar\/wp-content\/uploads\/2025\/02\/SMA-GE0020-Noche-de-las-Artes-2025-Febrero-2025-PROGRAMA-RRSS-01-150x150.jpg 150w, https:\/\/cultura.sma.gob.ar\/wp-content\/uploads\/2025\/02\/SMA-GE0020-Noche-de-las-Artes-2025-Febrero-2025-PROGRAMA-RRSS-01-768x763.jpg 768w, https:\/\/cultura.sma.gob.ar\/wp-content\/uploads\/2025\/02\/SMA-GE0020-Noche-de-las-Artes-2025-Febrero-2025-PROGRAMA-RRSS-01-1536x1526.jpg 1536w, https:\/\/cultura.sma.gob.ar\/wp-content\/uploads\/2025\/02\/SMA-GE0020-Noche-de-las-Artes-2025-Febrero-2025-PROGRAMA-RRSS-01-2048x2034.jpg 2048w, https:\/\/cultura.sma.gob.ar\/wp-content\/uploads\/2025\/02\/SMA-GE0020-Noche-de-las-Artes-2025-Febrero-2025-PROGRAMA-RRSS-01-91x90.jpg 91w\" sizes=\"auto, (max-width: 1024px) 100vw, 1024px\" \/><\/figure><\/li><li class=\"wp-block-jetpack-slideshow_slide swiper-slide\"><figure><img loading=\"lazy\" decoding=\"async\" width=\"1024\" height=\"1017\" alt=\"\" class=\"wp-block-jetpack-slideshow_image wp-image-6404\" data-id=\"6404\" src=\"http:\/\/cultura.sma.gob.ar\/wp-content\/uploads\/2025\/02\/SMA-GE0020-Noche-de-las-Artes-2025-Febrero-2025-PROGRAMA-RRSS-02-1024x1017.jpg\" srcset=\"https:\/\/cultura.sma.gob.ar\/wp-content\/uploads\/2025\/02\/SMA-GE0020-Noche-de-las-Artes-2025-Febrero-2025-PROGRAMA-RRSS-02-1024x1017.jpg 1024w, https:\/\/cultura.sma.gob.ar\/wp-content\/uploads\/2025\/02\/SMA-GE0020-Noche-de-las-Artes-2025-Febrero-2025-PROGRAMA-RRSS-02-300x298.jpg 300w, https:\/\/cultura.sma.gob.ar\/wp-content\/uploads\/2025\/02\/SMA-GE0020-Noche-de-las-Artes-2025-Febrero-2025-PROGRAMA-RRSS-02-150x150.jpg 150w, https:\/\/cultura.sma.gob.ar\/wp-content\/uploads\/2025\/02\/SMA-GE0020-Noche-de-las-Artes-2025-Febrero-2025-PROGRAMA-RRSS-02-768x763.jpg 768w, https:\/\/cultura.sma.gob.ar\/wp-content\/uploads\/2025\/02\/SMA-GE0020-Noche-de-las-Artes-2025-Febrero-2025-PROGRAMA-RRSS-02-1536x1526.jpg 1536w, https:\/\/cultura.sma.gob.ar\/wp-content\/uploads\/2025\/02\/SMA-GE0020-Noche-de-las-Artes-2025-Febrero-2025-PROGRAMA-RRSS-02-2048x2034.jpg 2048w, https:\/\/cultura.sma.gob.ar\/wp-content\/uploads\/2025\/02\/SMA-GE0020-Noche-de-las-Artes-2025-Febrero-2025-PROGRAMA-RRSS-02-91x90.jpg 91w\" sizes=\"auto, (max-width: 1024px) 100vw, 1024px\" \/><\/figure><\/li><\/ul><a class=\"wp-block-jetpack-slideshow_button-prev swiper-button-prev swiper-button-white\" role=\"button\"><\/a><a class=\"wp-block-jetpack-slideshow_button-next swiper-button-next swiper-button-white\" role=\"button\"><\/a><a aria-label=\"Pause Slideshow\" class=\"wp-block-jetpack-slideshow_button-pause\" role=\"button\"><\/a><div class=\"wp-block-jetpack-slideshow_pagination swiper-pagination swiper-pagination-white\"><\/div><\/div><\/div>\n","protected":false},"excerpt":{"rendered":"<p>Este s\u00e1bado 15 de febrero, desde las 18:30hs, la avenida San Mart\u00edn se vuelve peatonal para disfrutar del arte local en esta segunda edici\u00f3n de la Noche de las Artes. La&nbsp;#nochedelasartes2025&nbsp;contar\u00e1 con m\u00e1s de 120 expositores y m\u00e1s de 55 presentaciones esc\u00e9nicas, que se podr\u00e1n recorrer y disfrutar en la avenida San Mart\u00edn, desde Sarmiento hasta Rivadavia, de forma libre y gratuita desde las 18.30hs &hellip; <a href=\"https:\/\/cultura.sma.gob.ar\/?p=6393\" class=\"more-link\">Continue reading <span class=\"screen-reader-text\">Este s\u00e1bado 15 se celebra la 2\u00b0 Noche de las Artes 2025<\/span><\/a><\/p>\n","protected":false},"author":1,"featured_media":296,"comment_status":"closed","ping_status":"","sticky":false,"template":"","format":"image","meta":{"footnotes":""},"categories":[3,9],"tags":[],"class_list":["post-6393","post","type-post","status-publish","format-image","has-post-thumbnail","hentry","category-eventos-cultura","category-ultimas-noticias","post_format-post-format-image"],"_links":{"self":[{"href":"https:\/\/cultura.sma.gob.ar\/index.php?rest_route=\/wp\/v2\/posts\/6393","targetHints":{"allow":["GET"]}}],"collection":[{"href":"https:\/\/cultura.sma.gob.ar\/index.php?rest_route=\/wp\/v2\/posts"}],"about":[{"href":"https:\/\/cultura.sma.gob.ar\/index.php?rest_route=\/wp\/v2\/types\/post"}],"author":[{"embeddable":true,"href":"https:\/\/cultura.sma.gob.ar\/index.php?rest_route=\/wp\/v2\/users\/1"}],"replies":[{"embeddable":true,"href":"https:\/\/cultura.sma.gob.ar\/index.php?rest_route=%2Fwp%2Fv2%2Fcomments&post=6393"}],"version-history":[{"count":3,"href":"https:\/\/cultura.sma.gob.ar\/index.php?rest_route=\/wp\/v2\/posts\/6393\/revisions"}],"predecessor-version":[{"id":6406,"href":"https:\/\/cultura.sma.gob.ar\/index.php?rest_route=\/wp\/v2\/posts\/6393\/revisions\/6406"}],"wp:featuredmedia":[{"embeddable":true,"href":"https:\/\/cultura.sma.gob.ar\/index.php?rest_route=\/wp\/v2\/media\/296"}],"wp:attachment":[{"href":"https:\/\/cultura.sma.gob.ar\/index.php?rest_route=%2Fwp%2Fv2%2Fmedia&parent=6393"}],"wp:term":[{"taxonomy":"category","embeddable":true,"href":"https:\/\/cultura.sma.gob.ar\/index.php?rest_route=%2Fwp%2Fv2%2Fcategories&post=6393"},{"taxonomy":"post_tag","embeddable":true,"href":"https:\/\/cultura.sma.gob.ar\/index.php?rest_route=%2Fwp%2Fv2%2Ftags&post=6393"}],"curies":[{"name":"wp","href":"https:\/\/api.w.org\/{rel}","templated":true}]}}